{"id":106102,"date":"2026-01-27T12:02:45","date_gmt":"2026-01-27T15:02:45","guid":{"rendered":"https:\/\/www.todoeldia.com\/?p=106102"},"modified":"2026-01-27T12:02:46","modified_gmt":"2026-01-27T15:02:46","slug":"la-tormenta-y-las-fuertes-rafagas-de-viento-vientos-provocaron-graves-destrozos-en-el-quebrachal","status":"publish","type":"post","link":"https:\/\/www.todoeldia.com\/index.php\/2026\/01\/27\/la-tormenta-y-las-fuertes-rafagas-de-viento-vientos-provocaron-graves-destrozos-en-el-quebrachal\/","title":{"rendered":"La tormenta y las fuertes r\u00e1fagas de viento vientos provocaron graves destrozos en El Quebrachal"},"content":{"rendered":"\n<p>Un violento fen\u00f3meno meteorol\u00f3gico impact\u00f3 durante la tarde de este martes en la localidad de El Quebrachal, donde vecinos reportaron el paso de lo que habr\u00eda sido la cola de un tornado. El evento dej\u00f3 importantes da\u00f1os materiales y gener\u00f3 momentos de gran preocupaci\u00f3n entre los habitantes.<\/p>\n\n\n\n<figure class=\"wp-block-image size-full is-resized\"><img loading=\"lazy\" decoding=\"async\" width=\"693\" height=\"745\" src=\"https:\/\/www.todoeldia.com\/wp-content\/uploads\/2026\/01\/image-191.png\" alt=\"\" class=\"wp-image-106105\" style=\"width:1056px;height:auto\" srcset=\"https:\/\/www.todoeldia.com\/wp-content\/uploads\/2026\/01\/image-191.png 693w, https:\/\/www.todoeldia.com\/wp-content\/uploads\/2026\/01\/image-191-279x300.png 279w, https:\/\/www.todoeldia.com\/wp-content\/uploads\/2026\/01\/image-191-391x420.png 391w, https:\/\/www.todoeldia.com\/wp-content\/uploads\/2026\/01\/image-191-300x323.png 300w\" sizes=\"auto, (max-width: 693px) 100vw, 693px\" \/><\/figure>\n\n\n\n<p>Las r\u00e1fagas, de intensidad extrema, causaron severas consecuencias en distintos sectores del pueblo. Al menos cinco viviendas resultaron con techos arrancados total o parcialmente, seg\u00fan inform\u00f3 la comunicadora local Macarena Toledo. Adem\u00e1s, se produjo la ca\u00edda de una antena de gran tama\u00f1o perteneciente a la emisora FM M\u00e1gica.<\/p>\n\n\n\n<figure class=\"wp-block-image size-full is-resized\"><img loading=\"lazy\" decoding=\"async\" width=\"752\" height=\"759\" src=\"https:\/\/www.todoeldia.com\/wp-content\/uploads\/2026\/01\/image-190.png\" alt=\"\" class=\"wp-image-106104\" style=\"width:1068px;height:auto\" srcset=\"https:\/\/www.todoeldia.com\/wp-content\/uploads\/2026\/01\/image-190.png 752w, https:\/\/www.todoeldia.com\/wp-content\/uploads\/2026\/01\/image-190-297x300.png 297w, https:\/\/www.todoeldia.com\/wp-content\/uploads\/2026\/01\/image-190-150x150.png 150w, https:\/\/www.todoeldia.com\/wp-content\/uploads\/2026\/01\/image-190-416x420.png 416w, https:\/\/www.todoeldia.com\/wp-content\/uploads\/2026\/01\/image-190-300x303.png 300w, https:\/\/www.todoeldia.com\/wp-content\/uploads\/2026\/01\/image-190-696x702.png 696w\" sizes=\"auto, (max-width: 752px) 100vw, 752px\" \/><\/figure>\n\n\n\n<p>La zona c\u00e9ntrica fue una de las m\u00e1s afectadas, con numerosos \u00e1rboles y postes del tendido el\u00e9ctrico derribados por la fuerza del viento, lo que complic\u00f3 la circulaci\u00f3n y el normal funcionamiento de los servicios.<\/p>\n\n\n\n<figure class=\"wp-block-image size-full is-resized\"><img loading=\"lazy\" decoding=\"async\" width=\"699\" height=\"680\" src=\"https:\/\/www.todoeldia.com\/wp-content\/uploads\/2026\/01\/image-192.png\" alt=\"\" class=\"wp-image-106106\" style=\"width:1066px;height:auto\" srcset=\"https:\/\/www.todoeldia.com\/wp-content\/uploads\/2026\/01\/image-192.png 699w, https:\/\/www.todoeldia.com\/wp-content\/uploads\/2026\/01\/image-192-300x292.png 300w, https:\/\/www.todoeldia.com\/wp-content\/uploads\/2026\/01\/image-192-432x420.png 432w, https:\/\/www.todoeldia.com\/wp-content\/uploads\/2026\/01\/image-192-696x677.png 696w\" sizes=\"auto, (max-width: 699px) 100vw, 699px\" \/><\/figure>\n\n\n\n<p>Ante esta situaci\u00f3n, autoridades y medios locales emitieron un llamado urgente a la poblaci\u00f3n para extremar las precauciones y evitar salir de sus casas salvo en casos necesarios. La presencia de cables de alta tensi\u00f3n sobre la v\u00eda p\u00fablica representa un serio riesgo de electrocuci\u00f3n.<\/p>\n\n\n\n<figure class=\"wp-block-image size-full is-resized\"><img loading=\"lazy\" decoding=\"async\" width=\"687\" height=\"660\" src=\"https:\/\/www.todoeldia.com\/wp-content\/uploads\/2026\/01\/image-193.png\" alt=\"\" class=\"wp-image-106107\" style=\"width:1052px;height:auto\" srcset=\"https:\/\/www.todoeldia.com\/wp-content\/uploads\/2026\/01\/image-193.png 687w, https:\/\/www.todoeldia.com\/wp-content\/uploads\/2026\/01\/image-193-300x288.png 300w, https:\/\/www.todoeldia.com\/wp-content\/uploads\/2026\/01\/image-193-437x420.png 437w\" sizes=\"auto, (max-width: 687px) 100vw, 687px\" \/><\/figure>\n\n\n\n<p>En cuanto al suministro el\u00e9ctrico, la empresa EDESA fue notificada del incidente, aunque se advirti\u00f3 que la restituci\u00f3n del servicio podr\u00eda demorarse debido a que el temporal afect\u00f3 simult\u00e1neamente a varias localidades de la regi\u00f3n.<\/p>\n\n\n\n<figure class=\"wp-block-image size-large\"><img loading=\"lazy\" decoding=\"async\" width=\"1024\" height=\"742\" src=\"https:\/\/www.todoeldia.com\/wp-content\/uploads\/2026\/01\/image-194-1024x742.png\" alt=\"\" class=\"wp-image-106108\" srcset=\"https:\/\/www.todoeldia.com\/wp-content\/uploads\/2026\/01\/image-194-1024x742.png 1024w, https:\/\/www.todoeldia.com\/wp-content\/uploads\/2026\/01\/image-194-300x218.png 300w, https:\/\/www.todoeldia.com\/wp-content\/uploads\/2026\/01\/image-194-768x557.png 768w, https:\/\/www.todoeldia.com\/wp-content\/uploads\/2026\/01\/image-194-579x420.png 579w, https:\/\/www.todoeldia.com\/wp-content\/uploads\/2026\/01\/image-194-696x505.png 696w, https:\/\/www.todoeldia.com\/wp-content\/uploads\/2026\/01\/image-194-1068x774.png 1068w, https:\/\/www.todoeldia.com\/wp-content\/uploads\/2026\/01\/image-194-324x235.png 324w, https:\/\/www.todoeldia.com\/wp-content\/uploads\/2026\/01\/image-194.png 1084w\" sizes=\"auto, (max-width: 1024px) 100vw, 1024px\" \/><\/figure>\n\n\n\n<p>Gentileza: Palqui, el lado salvaje de Salta<\/p>\n","protected":false},"excerpt":{"rendered":"<p>Un violento fen\u00f3meno meteorol\u00f3gico impact\u00f3 durante la tarde de este martes en la localidad de El Quebrachal, donde vecinos reportaron el paso de lo que habr\u00eda sido la cola de un tornado. El evento dej\u00f3 importantes da\u00f1os materiales y gener\u00f3 momentos de gran preocupaci\u00f3n entre los habitantes. Las r\u00e1fagas, de intensidad extrema, causaron severas consecuencias [&hellip;]<\/p>\n","protected":false},"author":2,"featured_media":106103,"comment_status":"open","ping_status":"open","sticky":false,"template":"","format":"standard","meta":{"tdm_status":"","tdm_grid_status":"","_joinchat":[],"footnotes":""},"categories":[73],"tags":[],"class_list":{"0":"post-106102","1":"post","2":"type-post","3":"status-publish","4":"format-standard","5":"has-post-thumbnail","7":"category-noticias-general"},"amp_enabled":true,"_links":{"self":[{"href":"https:\/\/www.todoeldia.com\/index.php\/wp-json\/wp\/v2\/posts\/106102","targetHints":{"allow":["GET"]}}],"collection":[{"href":"https:\/\/www.todoeldia.com\/index.php\/wp-json\/wp\/v2\/posts"}],"about":[{"href":"https:\/\/www.todoeldia.com\/index.php\/wp-json\/wp\/v2\/types\/post"}],"author":[{"embeddable":true,"href":"https:\/\/www.todoeldia.com\/index.php\/wp-json\/wp\/v2\/users\/2"}],"replies":[{"embeddable":true,"href":"https:\/\/www.todoeldia.com\/index.php\/wp-json\/wp\/v2\/comments?post=106102"}],"version-history":[{"count":1,"href":"https:\/\/www.todoeldia.com\/index.php\/wp-json\/wp\/v2\/posts\/106102\/revisions"}],"predecessor-version":[{"id":106109,"href":"https:\/\/www.todoeldia.com\/index.php\/wp-json\/wp\/v2\/posts\/106102\/revisions\/106109"}],"wp:featuredmedia":[{"embeddable":true,"href":"https:\/\/www.todoeldia.com\/index.php\/wp-json\/wp\/v2\/media\/106103"}],"wp:attachment":[{"href":"https:\/\/www.todoeldia.com\/index.php\/wp-json\/wp\/v2\/media?parent=106102"}],"wp:term":[{"taxonomy":"category","embeddable":true,"href":"https:\/\/www.todoeldia.com\/index.php\/wp-json\/wp\/v2\/categories?post=106102"},{"taxonomy":"post_tag","embeddable":true,"href":"https:\/\/www.todoeldia.com\/index.php\/wp-json\/wp\/v2\/tags?post=106102"}],"curies":[{"name":"wp","href":"https:\/\/api.w.org\/{rel}","templated":true}]}}