{"id":10614,"date":"2020-11-08T11:46:14","date_gmt":"2020-11-08T14:46:14","guid":{"rendered":"https:\/\/www.todoeldia.com\/?p=10614"},"modified":"2020-11-08T11:46:15","modified_gmt":"2020-11-08T14:46:15","slug":"por-un-caso-positivo-de-covid-en-la-carcel-de-oran-suspendieron-las-visitas-y-los-presos-se-amotinaron","status":"publish","type":"post","link":"https:\/\/www.todoeldia.com\/index.php\/2020\/11\/08\/por-un-caso-positivo-de-covid-en-la-carcel-de-oran-suspendieron-las-visitas-y-los-presos-se-amotinaron\/","title":{"rendered":"Por un caso positivo de Covid en la c\u00e1rcel de Or\u00e1n suspendieron las visitas y los presos se amotinaron"},"content":{"rendered":"\n<p>El Servicio Penitenciario suspendi\u00f3 por 14 d\u00edas las visitas en la Unidad Carcelaria 3 de Or\u00e1n debido a la confirmaci\u00f3n de un caso positivo de covid &#8211; 19 en una celda del pabell\u00f3n A donde est\u00e1n alojados 10 hombres privados de la libertad.<\/p>\n\n\n\n<p>El resultado fue confirmado por el Hospital local. El paciente se encuentra internado en la escuela Osvaldo Pos y los 9 compa\u00f1eros de celda aislados en la unidad carcelaria bajo supervisi\u00f3n m\u00e9dica.<\/p>\n\n\n\n<p>La medida causo revuelta en la unidad penitenciaria por lo que se realiz\u00f3 el procedimiento de seguridad correspondiente para restablecer el orden. En este contexto hubo 18 internos con lesiones leves, \u201ctodos recibieron la debida asistencia m\u00e9dica\u201d informaron. Los diagn\u00f3sticos fueron escoriaciones, raspones y 4 personas con impacto de perdigones de goma en miembros inferiores, uno de ellos fue trasladado al hospital San Vicente de Paul.<\/p>\n\n\n\n<p>Los internos fueron informados sobre los motivos de la suspensi\u00f3n de visitas y la situaci\u00f3n se normaliz\u00f3 entendiendo que la disposici\u00f3n es temporal y responde al resguardo de la poblaci\u00f3n penal de m\u00e1s de 400 internos hasta la fecha.<\/p>\n","protected":false},"excerpt":{"rendered":"<p>El Servicio Penitenciario suspendi\u00f3 por 14 d\u00edas las visitas en la Unidad Carcelaria 3 de Or\u00e1n debido a la confirmaci\u00f3n de un caso positivo de covid &#8211; 19 en una celda del pabell\u00f3n A donde est\u00e1n alojados 10 hombres privados de la libertad. El resultado fue confirmado por el Hospital local. El paciente se encuentra [&hellip;]<\/p>\n","protected":false},"author":2,"featured_media":10615,"comment_status":"open","ping_status":"open","sticky":false,"template":"","format":"standard","meta":{"tdm_status":"","tdm_grid_status":"","_joinchat":[],"footnotes":""},"categories":[65],"tags":[],"class_list":{"0":"post-10614","1":"post","2":"type-post","3":"status-publish","4":"format-standard","5":"has-post-thumbnail","7":"category-coronavirus"},"amp_enabled":true,"_links":{"self":[{"href":"https:\/\/www.todoeldia.com\/index.php\/wp-json\/wp\/v2\/posts\/10614","targetHints":{"allow":["GET"]}}],"collection":[{"href":"https:\/\/www.todoeldia.com\/index.php\/wp-json\/wp\/v2\/posts"}],"about":[{"href":"https:\/\/www.todoeldia.com\/index.php\/wp-json\/wp\/v2\/types\/post"}],"author":[{"embeddable":true,"href":"https:\/\/www.todoeldia.com\/index.php\/wp-json\/wp\/v2\/users\/2"}],"replies":[{"embeddable":true,"href":"https:\/\/www.todoeldia.com\/index.php\/wp-json\/wp\/v2\/comments?post=10614"}],"version-history":[{"count":1,"href":"https:\/\/www.todoeldia.com\/index.php\/wp-json\/wp\/v2\/posts\/10614\/revisions"}],"predecessor-version":[{"id":10616,"href":"https:\/\/www.todoeldia.com\/index.php\/wp-json\/wp\/v2\/posts\/10614\/revisions\/10616"}],"wp:featuredmedia":[{"embeddable":true,"href":"https:\/\/www.todoeldia.com\/index.php\/wp-json\/wp\/v2\/media\/10615"}],"wp:attachment":[{"href":"https:\/\/www.todoeldia.com\/index.php\/wp-json\/wp\/v2\/media?parent=10614"}],"wp:term":[{"taxonomy":"category","embeddable":true,"href":"https:\/\/www.todoeldia.com\/index.php\/wp-json\/wp\/v2\/categories?post=10614"},{"taxonomy":"post_tag","embeddable":true,"href":"https:\/\/www.todoeldia.com\/index.php\/wp-json\/wp\/v2\/tags?post=10614"}],"curies":[{"name":"wp","href":"https:\/\/api.w.org\/{rel}","templated":true}]}}