{"id":106152,"date":"2026-01-28T10:50:19","date_gmt":"2026-01-28T13:50:19","guid":{"rendered":"https:\/\/www.todoeldia.com\/?p=106152"},"modified":"2026-01-28T10:50:20","modified_gmt":"2026-01-28T13:50:20","slug":"la-yaguarete-janaina-aparecio-con-dos-nuevas-crias-en-el-parque-nacional-iguazu","status":"publish","type":"post","link":"https:\/\/www.todoeldia.com\/index.php\/2026\/01\/28\/la-yaguarete-janaina-aparecio-con-dos-nuevas-crias-en-el-parque-nacional-iguazu\/","title":{"rendered":"La Yaguaret\u00e9 \u201cJana\u00edna\u201d apareci\u00f3 con dos nuevas cr\u00edas en el Parque Nacional Iguaz\u00fa"},"content":{"rendered":"\n<p>Una noticia que renueva la esperanza para la conservaci\u00f3n de la especie: Jana\u00edna, una de las yaguaret\u00e9s m\u00e1s monitoreadas de la regi\u00f3n, fue registrada desplaz\u00e1ndose junto a dos cachorros en el Parque Nacional Iguaz\u00fa.<\/p>\n\n\n\n<p>El hallazgo fue confirmado a trav\u00e9s de c\u00e1maras trampa del Proyecto On\u00e7as do Iguaz\u00fa, que sigue de cerca a esta hembra desde 2018. Seg\u00fan los especialistas, las cr\u00edas tendr\u00edan entre 5 y 6 meses y presentan un desarrollo saludable.<\/p>\n\n\n\n<p>Jana\u00edna ya tuvo cinco camadas desde que fue identificada:<\/p>\n\n\n\n<p>2019: 5 cachorros<\/p>\n\n\n\n<p>2021: 1 cachorro<\/p>\n\n\n\n<p>2023: 3 cachorros<\/p>\n\n\n\n<p>2024: 1 cachorro<\/p>\n\n\n\n<p>2025: 2 cachorros<\/p>\n\n\n\n<p>El registro es clave en un contexto alarmante: en Argentina quedan menos de 300 yaguaret\u00e9s y, aunque en Brasil la poblaci\u00f3n es mayor, sigue amenazada por la caza furtiva y la p\u00e9rdida de h\u00e1bitat.<\/p>\n\n\n\n<p>Cada nueva cr\u00eda refuerza la importancia de proteger la selva misionera y paranaense. Jana\u00edna \u2014cuyo nombre significa \u201cla se\u00f1ora de las aguas\u201d\u2014 vuelve a convertirse en s\u00edmbolo de vida y resistencia.<\/p>\n\n\n\n<p>Una gran noticia para la biodiversidad y la conservaci\u00f3n.<\/p>\n","protected":false},"excerpt":{"rendered":"<p>Una noticia que renueva la esperanza para la conservaci\u00f3n de la especie: Jana\u00edna, una de las yaguaret\u00e9s m\u00e1s monitoreadas de la regi\u00f3n, fue registrada desplaz\u00e1ndose junto a dos cachorros en el Parque Nacional Iguaz\u00fa. El hallazgo fue confirmado a trav\u00e9s de c\u00e1maras trampa del Proyecto On\u00e7as do Iguaz\u00fa, que sigue de cerca a esta hembra [&hellip;]<\/p>\n","protected":false},"author":2,"featured_media":106153,"comment_status":"open","ping_status":"open","sticky":false,"template":"","format":"standard","meta":{"tdm_status":"","tdm_grid_status":"","_joinchat":[],"footnotes":""},"categories":[73],"tags":[],"class_list":{"0":"post-106152","1":"post","2":"type-post","3":"status-publish","4":"format-standard","5":"has-post-thumbnail","7":"category-noticias-general"},"amp_enabled":true,"_links":{"self":[{"href":"https:\/\/www.todoeldia.com\/index.php\/wp-json\/wp\/v2\/posts\/106152","targetHints":{"allow":["GET"]}}],"collection":[{"href":"https:\/\/www.todoeldia.com\/index.php\/wp-json\/wp\/v2\/posts"}],"about":[{"href":"https:\/\/www.todoeldia.com\/index.php\/wp-json\/wp\/v2\/types\/post"}],"author":[{"embeddable":true,"href":"https:\/\/www.todoeldia.com\/index.php\/wp-json\/wp\/v2\/users\/2"}],"replies":[{"embeddable":true,"href":"https:\/\/www.todoeldia.com\/index.php\/wp-json\/wp\/v2\/comments?post=106152"}],"version-history":[{"count":1,"href":"https:\/\/www.todoeldia.com\/index.php\/wp-json\/wp\/v2\/posts\/106152\/revisions"}],"predecessor-version":[{"id":106154,"href":"https:\/\/www.todoeldia.com\/index.php\/wp-json\/wp\/v2\/posts\/106152\/revisions\/106154"}],"wp:featuredmedia":[{"embeddable":true,"href":"https:\/\/www.todoeldia.com\/index.php\/wp-json\/wp\/v2\/media\/106153"}],"wp:attachment":[{"href":"https:\/\/www.todoeldia.com\/index.php\/wp-json\/wp\/v2\/media?parent=106152"}],"wp:term":[{"taxonomy":"category","embeddable":true,"href":"https:\/\/www.todoeldia.com\/index.php\/wp-json\/wp\/v2\/categories?post=106152"},{"taxonomy":"post_tag","embeddable":true,"href":"https:\/\/www.todoeldia.com\/index.php\/wp-json\/wp\/v2\/tags?post=106152"}],"curies":[{"name":"wp","href":"https:\/\/api.w.org\/{rel}","templated":true}]}}