{"id":106176,"date":"2026-01-28T14:13:25","date_gmt":"2026-01-28T17:13:25","guid":{"rendered":"https:\/\/www.todoeldia.com\/?p=106176"},"modified":"2026-01-28T14:13:26","modified_gmt":"2026-01-28T17:13:26","slug":"entro-a-robar-a-una-concesionara-en-belgica-y-paraguay-lo-encontro-la-policia-escondido-en-un-auto","status":"publish","type":"post","link":"https:\/\/www.todoeldia.com\/index.php\/2026\/01\/28\/entro-a-robar-a-una-concesionara-en-belgica-y-paraguay-lo-encontro-la-policia-escondido-en-un-auto\/","title":{"rendered":"Entro a robar a una concesionara en B\u00e9lgica y Paraguay: lo encontr\u00f3 la polic\u00eda escondido en un auto"},"content":{"rendered":"\n<p>Ingres\u00f3 escalando las rejas del local comercial. Al llegar la polic\u00eda, fue encontrado oculto dentro de uno de los veh\u00edculos, junto a los elementos que hab\u00eda intentado sustraer.<\/p>\n\n\n\n<p>El fiscal penal 5, Federico Jovanovicz, imput\u00f3 de forma provisional a un hombre de 32 a\u00f1os, como autor del delito de hurto con escalamiento en grado de tentativa.<\/p>\n\n\n\n<p>El acusado fue asistido por la defensa oficial, fue informado de los hechos que se le atribuyen, de la calificaci\u00f3n legal y de sus derechos procesales, y opt\u00f3 por abstenerse de declarar.<\/p>\n\n\n\n<p>El hecho ocurri\u00f3 el domingo 25 de enero, alrededor de las 6:30, en una concesionaria de veh\u00edculos ubicada sobre avenida B\u00e9lgica.<\/p>\n\n\n\n<p>De acuerdo a la investigaci\u00f3n, el imputado habr\u00eda escalado las rejas perimetrales de seguridad para ingresar al predio y dirigirse al sector de estacionamiento, donde se encontraban veh\u00edculos destinados a prueba de manejo. Una vez dentro, habr\u00eda intentado sustraer distintos elementos de dos autom\u00f3viles, entre ellos una rueda de auxilio, un kit de seguridad, matafuegos, balizas, prendas de vestir y otros objetos.<\/p>\n\n\n\n<p>El accionar fue advertido tras la activaci\u00f3n de la alarma del local, lo que motiv\u00f3 el desplazamiento inmediato de personal policial de la Sub comisar\u00eda Lola Mora. Al arribar al lugar, los efectivos constataron da\u00f1os en uno de los vidrios del frente del comercio y, al inspeccionar el sector posterior, hallaron calzados y una rueda de auxilio junto a uno de los veh\u00edculos.<\/p>\n\n\n\n<p>Al revisar el interior de los autom\u00f3viles, encontraron al sospechoso oculto dentro de uno de ellos, procediendo a su demora.<\/p>\n\n\n\n<p>En el lugar tambi\u00e9n se secuestraron los elementos que el acusado habr\u00eda intentado sustraer, los cuales quedaron a disposici\u00f3n de la Justicia.<\/p>\n\n\n\n<p>El fiscal Jovanovicz se\u00f1al\u00f3 que el hecho no lleg\u00f3 a consumarse por causas ajenas a la voluntad del imputado, debido a la r\u00e1pida intervenci\u00f3n policial. Adem\u00e1s, de la planilla prontuarial incorporada a la causa surge que el imputado cuenta con antecedentes penales, por lo que se solicit\u00f3 su prisi\u00f3n preventiva.<\/p>\n","protected":false},"excerpt":{"rendered":"<p>Ingres\u00f3 escalando las rejas del local comercial. Al llegar la polic\u00eda, fue encontrado oculto dentro de uno de los veh\u00edculos, junto a los elementos que hab\u00eda intentado sustraer. El fiscal penal 5, Federico Jovanovicz, imput\u00f3 de forma provisional a un hombre de 32 a\u00f1os, como autor del delito de hurto con escalamiento en grado de [&hellip;]<\/p>\n","protected":false},"author":2,"featured_media":106177,"comment_status":"open","ping_status":"open","sticky":false,"template":"","format":"standard","meta":{"tdm_status":"","tdm_grid_status":"","_joinchat":[],"footnotes":""},"categories":[73],"tags":[],"class_list":{"0":"post-106176","1":"post","2":"type-post","3":"status-publish","4":"format-standard","5":"has-post-thumbnail","7":"category-noticias-general"},"amp_enabled":true,"_links":{"self":[{"href":"https:\/\/www.todoeldia.com\/index.php\/wp-json\/wp\/v2\/posts\/106176","targetHints":{"allow":["GET"]}}],"collection":[{"href":"https:\/\/www.todoeldia.com\/index.php\/wp-json\/wp\/v2\/posts"}],"about":[{"href":"https:\/\/www.todoeldia.com\/index.php\/wp-json\/wp\/v2\/types\/post"}],"author":[{"embeddable":true,"href":"https:\/\/www.todoeldia.com\/index.php\/wp-json\/wp\/v2\/users\/2"}],"replies":[{"embeddable":true,"href":"https:\/\/www.todoeldia.com\/index.php\/wp-json\/wp\/v2\/comments?post=106176"}],"version-history":[{"count":1,"href":"https:\/\/www.todoeldia.com\/index.php\/wp-json\/wp\/v2\/posts\/106176\/revisions"}],"predecessor-version":[{"id":106178,"href":"https:\/\/www.todoeldia.com\/index.php\/wp-json\/wp\/v2\/posts\/106176\/revisions\/106178"}],"wp:featuredmedia":[{"embeddable":true,"href":"https:\/\/www.todoeldia.com\/index.php\/wp-json\/wp\/v2\/media\/106177"}],"wp:attachment":[{"href":"https:\/\/www.todoeldia.com\/index.php\/wp-json\/wp\/v2\/media?parent=106176"}],"wp:term":[{"taxonomy":"category","embeddable":true,"href":"https:\/\/www.todoeldia.com\/index.php\/wp-json\/wp\/v2\/categories?post=106176"},{"taxonomy":"post_tag","embeddable":true,"href":"https:\/\/www.todoeldia.com\/index.php\/wp-json\/wp\/v2\/tags?post=106176"}],"curies":[{"name":"wp","href":"https:\/\/api.w.org\/{rel}","templated":true}]}}