{"id":106184,"date":"2026-01-28T14:59:35","date_gmt":"2026-01-28T17:59:35","guid":{"rendered":"https:\/\/www.todoeldia.com\/?p=106184"},"modified":"2026-01-28T14:59:36","modified_gmt":"2026-01-28T17:59:36","slug":"el-colegio-le-aviso-a-la-madre-que-su-hija-de-13-anos-intercambiaba-mensajes-y-fotos-intimas-con-el-celular","status":"publish","type":"post","link":"https:\/\/www.todoeldia.com\/index.php\/2026\/01\/28\/el-colegio-le-aviso-a-la-madre-que-su-hija-de-13-anos-intercambiaba-mensajes-y-fotos-intimas-con-el-celular\/","title":{"rendered":"El Colegio le avis\u00f3 a la madre, que su hija de 13 a\u00f1os intercambiaba mensajes y fotos intimas con el celular"},"content":{"rendered":"\n<p>La&nbsp;fiscal penal especializada en Ciberdelincuencia, en feria,&nbsp;Sof\u00eda Cornejo, dirigi\u00f3 un procedimiento que culmin\u00f3 con la detenci\u00f3n de un hombre investigado por el delito de&nbsp;grooming,&nbsp;en el marco de una causa iniciada a partir de la denuncia de la madre de una adolescente.<\/p>\n\n\n\n<p>De acuerdo a lo denunciado, la mujer tom\u00f3 conocimiento, a partir de una notificaci\u00f3n realizada por autoridades del establecimiento educativo al que concurre su hija, de 13 a\u00f1os, de la existencia de intercambios inapropiados a trav\u00e9s de una aplicaci\u00f3n de mensajer\u00eda, efectuados desde el tel\u00e9fono celular de la menor.<\/p>\n\n\n\n<p>Al acceder al dispositivo, con la colaboraci\u00f3n de un familiar, advirti\u00f3 una conversaci\u00f3n mantenida con un n\u00famero telef\u00f3nico del exterior, sin datos identificatorios visibles, en la que se habr\u00edan compartido registros audiovisuales de car\u00e1cter \u00edntimo, cuya producci\u00f3n habr\u00eda tenido lugar en el \u00e1mbito del domicilio familiar. Ante esta situaci\u00f3n, decidi\u00f3 resguardar el equipo y ponerlo a disposici\u00f3n de la Justicia.<\/p>\n\n\n\n<p>Como resultado de las tareas investigativas, se logr\u00f3 identificar al titular de la l\u00ednea telef\u00f3nica denunciada y, con autorizaci\u00f3n del Juzgado de Garant\u00edas N\u00b0 7, se dispusieron las medidas de allanamiento, registro, inspecci\u00f3n, secuestro de evidencia y detenci\u00f3n del sospechoso.<\/p>\n\n\n\n<p>Los procedimientos se concretaron este mi\u00e9rcoles 28 de enero en dos inmuebles: uno ubicado en barrio La Paz, en la ciudad de Salta, y otro correspondiente a una finca situada en inmediaciones del barrio Santa Rita II, en la localidad de Cerrillos, sobre Ruta Provincial N\u00b0 96.<\/p>\n\n\n\n<p>Durante los allanamientos se dispuso el secuestro de dispositivos inform\u00e1ticos y tecnol\u00f3gicos, tales como tel\u00e9fonos celulares, computadoras, soportes de almacenamiento y otros elementos que resultan de inter\u00e9s para la investigaci\u00f3n. Asimismo, intervino personal t\u00e9cnico especializado, que realiz\u00f3 tareas de identificaci\u00f3n, preservaci\u00f3n y extracci\u00f3n inicial de datos digitales, atendiendo a la naturaleza vol\u00e1til de este tipo de evidencia.<\/p>\n\n\n\n<p>La fiscal\u00eda tambi\u00e9n solicit\u00f3 la autorizaci\u00f3n judicial para el registro de los dispositivos secuestrados, la preservaci\u00f3n de datos, el acceso a cuentas de redes sociales y servicios de almacenamiento en l\u00ednea, as\u00ed como las medidas necesarias para garantizar la integridad de la prueba digital.<\/p>\n\n\n\n<p>Finalmente, se concret\u00f3 la detenci\u00f3n del sospechoso, mientras la investigaci\u00f3n contin\u00faa en curso, con el an\u00e1lisis pericial de la evidencia secuestrada y la realizaci\u00f3n de nuevas diligencias tendientes al esclarecimiento del hecho.<\/p>\n\n\n\n<p>Las medidas fueron ejecutadas por personal de la Divisi\u00f3n Trata de Personas de la Polic\u00eda de Salta, bajo la coordinaci\u00f3n de su jefatura y con la intervenci\u00f3n directa de la Fiscal\u00eda Penal Especializada en Ciberdelincuencia.<\/p>\n","protected":false},"excerpt":{"rendered":"<p>La&nbsp;fiscal penal especializada en Ciberdelincuencia, en feria,&nbsp;Sof\u00eda Cornejo, dirigi\u00f3 un procedimiento que culmin\u00f3 con la detenci\u00f3n de un hombre investigado por el delito de&nbsp;grooming,&nbsp;en el marco de una causa iniciada a partir de la denuncia de la madre de una adolescente. De acuerdo a lo denunciado, la mujer tom\u00f3 conocimiento, a partir de una notificaci\u00f3n [&hellip;]<\/p>\n","protected":false},"author":2,"featured_media":57953,"comment_status":"open","ping_status":"open","sticky":false,"template":"","format":"standard","meta":{"tdm_status":"","tdm_grid_status":"","_joinchat":[],"footnotes":""},"categories":[63],"tags":[],"class_list":{"0":"post-106184","1":"post","2":"type-post","3":"status-publish","4":"format-standard","5":"has-post-thumbnail","7":"category-policiales"},"amp_enabled":true,"_links":{"self":[{"href":"https:\/\/www.todoeldia.com\/index.php\/wp-json\/wp\/v2\/posts\/106184","targetHints":{"allow":["GET"]}}],"collection":[{"href":"https:\/\/www.todoeldia.com\/index.php\/wp-json\/wp\/v2\/posts"}],"about":[{"href":"https:\/\/www.todoeldia.com\/index.php\/wp-json\/wp\/v2\/types\/post"}],"author":[{"embeddable":true,"href":"https:\/\/www.todoeldia.com\/index.php\/wp-json\/wp\/v2\/users\/2"}],"replies":[{"embeddable":true,"href":"https:\/\/www.todoeldia.com\/index.php\/wp-json\/wp\/v2\/comments?post=106184"}],"version-history":[{"count":1,"href":"https:\/\/www.todoeldia.com\/index.php\/wp-json\/wp\/v2\/posts\/106184\/revisions"}],"predecessor-version":[{"id":106185,"href":"https:\/\/www.todoeldia.com\/index.php\/wp-json\/wp\/v2\/posts\/106184\/revisions\/106185"}],"wp:featuredmedia":[{"embeddable":true,"href":"https:\/\/www.todoeldia.com\/index.php\/wp-json\/wp\/v2\/media\/57953"}],"wp:attachment":[{"href":"https:\/\/www.todoeldia.com\/index.php\/wp-json\/wp\/v2\/media?parent=106184"}],"wp:term":[{"taxonomy":"category","embeddable":true,"href":"https:\/\/www.todoeldia.com\/index.php\/wp-json\/wp\/v2\/categories?post=106184"},{"taxonomy":"post_tag","embeddable":true,"href":"https:\/\/www.todoeldia.com\/index.php\/wp-json\/wp\/v2\/tags?post=106184"}],"curies":[{"name":"wp","href":"https:\/\/api.w.org\/{rel}","templated":true}]}}