{"id":10622,"date":"2020-11-08T12:16:16","date_gmt":"2020-11-08T15:16:16","guid":{"rendered":"https:\/\/www.todoeldia.com\/?p=10622"},"modified":"2020-11-08T12:16:17","modified_gmt":"2020-11-08T15:16:17","slug":"el-costo-de-la-radicalizacion-por-sergio-berensztein","status":"publish","type":"post","link":"https:\/\/www.todoeldia.com\/index.php\/2020\/11\/08\/el-costo-de-la-radicalizacion-por-sergio-berensztein\/","title":{"rendered":"El costo de la radicalizaci\u00f3n. Por Sergio Berensztein"},"content":{"rendered":"\n<p>En el mes de marzo, al inicio de la cuarentena, el presidente Alberto Fern\u00e1ndez se vio muy fortalecido de cara a la opini\u00f3n p\u00fablica. Seg\u00fan datos de D\u2019Alessio IROL \u2013 Berensztein, en dicho mes, su imagen positiva alcanz\u00f3 el 61% y la negativa se hundi\u00f3 hasta el 30%. Gran parte de la sociedad percib\u00eda a Alberto Fern\u00e1ndez como un l\u00edder sensato y con visi\u00f3n que hab\u00eda tomado a tiempo las medidas necesarias para combatir al virus que por ese entonces hacia estragos en Europa. En los albores de la pandemia, exist\u00eda un esp\u00edritu de unidad nacional y causa en com\u00fan que generaba optimismo y cierta cuota de euforia. Eran los tiempos de las conferencias de prensa recurrentes en donde se reun\u00edan Axel Kicillof, Alberto Fern\u00e1ndez y su \u201camigo Horacio\u201d. Tambi\u00e9n eran los tiempos de los aplausos en los balcones.<\/p>\n\n\n\n<p>PUBLICIDAD<\/p>\n\n\n\n<p>Con el correr de las semanas, la cuarentena comenz\u00f3 a mostrar su peor cara: paraliz\u00f3 la actividad econ\u00f3mica, muchos comercios debieron cerrar, se redujo el nivel de ingreso y el desempleo y la pobreza aumentaron dr\u00e1sticamente. Al mismo tiempo, a pesar de las medidas de aislamiento, el COVID-19 se extendi\u00f3 cada vez m\u00e1s provocando cientos y luego miles de fallecidos. En este marco, era esperable que la imagen de Alberto Fern\u00e1ndez cayera a niveles prepandemia, cosa que sucedi\u00f3. En los cuatro meses que van de marzo a junio, la imagen positiva del presidente cay\u00f3 5 puntos porcentuales (lo que equivale a una ca\u00edda del 8%). La erosi\u00f3n era acorde a un contexto de mayor pesimismo y deterioro econ\u00f3mico y sanitario.<\/p>\n\n\n\n<p>La imagen positiva del presidente cay\u00f3 en pocos meses a los niveles prepandemia.<\/p>\n\n\n\n<p>La imagen positiva del presidente cay\u00f3 en pocos meses a los niveles prepandemia.<\/p>\n\n\n\n<p>Sin embargo, la velocidad de la ca\u00edda aument\u00f3 dr\u00e1sticamente a partir de junio. En los tres meses siguientes, la imagen positiva del presidente cay\u00f3 12 puntos porcentuales, hasta el 44% registrado en septiembre, que se repite en octubre (lo que equivale a una ca\u00edda del 21%). \u00bfQu\u00e9 cambio en el escenario pol\u00edtico para que la imagen de Alberto Fern\u00e1ndez comenzara a caer m\u00e1s r\u00e1pido? A partir de junio el presidente y su gobierno inauguraron un proceso de radicalizaci\u00f3n que lo termin\u00f3 da\u00f1ando. Comenz\u00f3 con el intento de estatizaci\u00f3n de la empresa Vicentin (el cual se vio frustrado luego de la fuerte reacci\u00f3n social que dispar\u00f3), y continu\u00f3 con el proyecto de ley para reformar la justicia federal. La avanzada contra la justicia no termin\u00f3 all\u00ed, sino que fue creciendo con el intento de remoci\u00f3n de los jueces Bruglia, Bertuzzi y Castelli por parte del Senado y las presiones constantes contra el procurador Eduardo Casal. Los misiles llegaron incluso hasta la Corte Suprema, muy criticada luego de aceptar el recurso de per saltum por los magistrados removidos. En el medio, el presidente Fern\u00e1ndez rompi\u00f3 con su \u201camigo Horacio\u201d y le quit\u00f3 1,2% de coparticipaci\u00f3n a la Ciudad (equivalente a m\u00e1s del 10% de su presupuesto) para entreg\u00e1rselos al gobernador Kicillof, y resolver as\u00ed el conflicto con la Polic\u00eda bonaerense. Adem\u00e1s, el gobierno nacional mostr\u00f3 en todo momento pasividad absoluta frente a la toma de tierras.<\/p>\n\n\n\n<p>Inmerso en un proceso de debilitamiento, el presidente Fern\u00e1ndez se aferr\u00f3 a los sectores m\u00e1s radicales de su coalici\u00f3n, mimetiz\u00e1ndose con ellos, pero lo que consigui\u00f3 no fue revertir la tendencia, por el contrario, la aceler\u00f3. Los segmentos moderados de la sociedad, que apoyaron a Alberto Fern\u00e1ndez con la esperanza de que este se convertir\u00eda en un presidente de centro, se vieron decepcionados al percibir que poco a poco la administraci\u00f3n del Frente de Todos se transformaba en el cuarto kirchnerismo.<\/p>\n\n\n\n<p>En octubre, aunque la imagen negativa del presidente creci\u00f3 levemente, la ca\u00edda de la imagen positiva se detuvo (volvi\u00f3 a registrar 44%). Esto podr\u00eda dar cuenta del proceso inverso: en las \u00faltimas semanas Alberto Fern\u00e1ndez en particular y el gobierno en general giraron hacia el centro. En t\u00e9rminos econ\u00f3micos, esta reversi\u00f3n se debe probablemente al fracaso de la l\u00f3gica previa. La acumulaci\u00f3n de restricciones, condicionamientos y el fortalecimiento del cepo provocaron resultados desastrosos.<\/p>\n\n\n\n<p>Ahora, el presidente le otorg\u00f3 mayor capacidad de acci\u00f3n al ministro Mart\u00edn Guzm\u00e1n, quien despleg\u00f3 una estrategia distinta: redujo el parking para operar en el contado con liquidaci\u00f3n y brind\u00f3 alternativas de salida a los fondos extranjeros como PIMCO que quedaron atrapados en el pa\u00eds. Con el nuevo paquete de medidas, el ministro ha tenido \u00e9xito en quitarle presi\u00f3n al tipo de cambio y la brecha se redujo. Guzm\u00e1n promueve un dialogo m\u00e1s amplio, prueba de esto es la reuni\u00f3n que hace unos d\u00edas mantuvo con empresarios, incluyendo a Paolo Rocca (Techint) y H\u00e9ctor Magnetto (Clar\u00edn), los antagonistas jurados del kirchnerismo. Incluso la propia Cristina ha mostrado signos de moderaci\u00f3n al proponer un acuerdo con la oposici\u00f3n, los empresarios y los medios para terminar con el problema de \u201cla econom\u00eda bimonetaria\u201d. En este nuevo marco de moderaci\u00f3n, el impuesto a la riqueza, una de las banderas del kirchnerismo m\u00e1s puro, est\u00e1 puesto en cuestionamiento y podr\u00eda avanzar un proyecto alternativo al elaborado por M\u00e1ximo Kirchner y Carlos Heller.<\/p>\n\n\n\n<p>En materia judicial, aunque la avanzada no termina y el presidente a\u00fan insiste con el proyecto de reforma que envi\u00f3 al Congreso, los reproches p\u00fablicos se fueron acallando. Esta semana la Corte Suprema orden\u00f3 que los jueces Bruglia y Bertuzzi deb\u00edan regresar a los puestos de los que hab\u00edan sido desplazados por el Senado, pero aclar\u00f3 que su permanencia es temporal hasta que se realice el concurso. Aunque algunos analistas consideran que la decisi\u00f3n favorecer\u00e1 a Cristina Kirchner ya que, a la larga, esos magistrados dejar\u00edan sus cargos. Lo cierto es que se trata de una decisi\u00f3n m\u00e1s bien salom\u00f3nica, debido a que el Consejo de la Magistratura suele demorar mucho tiempo en realizar los concursos. Sin embargo, esta vez nadie sali\u00f3 desde el gobierno a cuestionar el fallo o a criticar a la Corte Suprema. Rein\u00f3 el silencio y por lo tanto la aceptaci\u00f3n.<\/p>\n\n\n\n<p>La radicalizaci\u00f3n estaba provocando un da\u00f1o pol\u00edtico y el peligro percibido por el presidente Fern\u00e1ndez es que, a menos de un a\u00f1o de las elecciones legislativas, provocase tambi\u00e9n un costo electoral. En 2019, Cristina Kirchner dot\u00f3 de competitividad al Frente de Todos al conformar una coalici\u00f3n heterog\u00e9nea y plural que, debido al balance de fuerzas internas, garantizaba la moderaci\u00f3n. Resignarla y presentarse en 2021 como un frente m\u00e1s radicalizado, podr\u00eda provocar que amplios sectores de la poblaci\u00f3n viren sus preferencias hacia la oposici\u00f3n, que intenta impedir la fuga de votos por derecha, pero logra mantenerse en el centro del espectro ideol\u00f3gico.<\/p>\n\n\n\n<p>Durante meses el \u201cvolver para ser mejores\u201d, se transform\u00f3 en un \u201cvolver para ser iguales\u201d. Este periodo de radicalizaci\u00f3n suscito las multitudinarias protestas en contra del gobierno. El 8N seguramente sea una nueva manifestaci\u00f3n de este fastidio. Excepto que la situaci\u00f3n econ\u00f3mica mejore muy por encima de las expectativas, lo cual siempre dota al oficialismo de una ventaja indudable, la radicalizaci\u00f3n podr\u00eda haber generado ya un costo pol\u00edtico irreparable. Existen segmentos de la sociedad que votaron al Frente de Todos y se decepcionaron al ver como Alberto Fern\u00e1ndez se convert\u00eda en un presidente de pura cepa kirchnerista: culpando a los medios, promoviendo la expropiaci\u00f3n de una empresa privada, embistiendo contra la justicia y atacando a la oposici\u00f3n. El riesgo a esta altura es que sea demasiado tarde para intentar reinventarse.<\/p>\n","protected":false},"excerpt":{"rendered":"<p>En el mes de marzo, al inicio de la cuarentena, el presidente Alberto Fern\u00e1ndez se vio muy fortalecido de cara a la opini\u00f3n p\u00fablica. Seg\u00fan datos de D\u2019Alessio IROL \u2013 Berensztein, en dicho mes, su imagen positiva alcanz\u00f3 el 61% y la negativa se hundi\u00f3 hasta el 30%. Gran parte de la sociedad percib\u00eda a [&hellip;]<\/p>\n","protected":false},"author":2,"featured_media":10623,"comment_status":"open","ping_status":"open","sticky":false,"template":"","format":"standard","meta":{"tdm_status":"","tdm_grid_status":"","_joinchat":[],"footnotes":""},"categories":[71],"tags":[],"class_list":{"0":"post-10622","1":"post","2":"type-post","3":"status-publish","4":"format-standard","5":"has-post-thumbnail","7":"category-columnistas"},"amp_enabled":true,"_links":{"self":[{"href":"https:\/\/www.todoeldia.com\/index.php\/wp-json\/wp\/v2\/posts\/10622","targetHints":{"allow":["GET"]}}],"collection":[{"href":"https:\/\/www.todoeldia.com\/index.php\/wp-json\/wp\/v2\/posts"}],"about":[{"href":"https:\/\/www.todoeldia.com\/index.php\/wp-json\/wp\/v2\/types\/post"}],"author":[{"embeddable":true,"href":"https:\/\/www.todoeldia.com\/index.php\/wp-json\/wp\/v2\/users\/2"}],"replies":[{"embeddable":true,"href":"https:\/\/www.todoeldia.com\/index.php\/wp-json\/wp\/v2\/comments?post=10622"}],"version-history":[{"count":1,"href":"https:\/\/www.todoeldia.com\/index.php\/wp-json\/wp\/v2\/posts\/10622\/revisions"}],"predecessor-version":[{"id":10624,"href":"https:\/\/www.todoeldia.com\/index.php\/wp-json\/wp\/v2\/posts\/10622\/revisions\/10624"}],"wp:featuredmedia":[{"embeddable":true,"href":"https:\/\/www.todoeldia.com\/index.php\/wp-json\/wp\/v2\/media\/10623"}],"wp:attachment":[{"href":"https:\/\/www.todoeldia.com\/index.php\/wp-json\/wp\/v2\/media?parent=10622"}],"wp:term":[{"taxonomy":"category","embeddable":true,"href":"https:\/\/www.todoeldia.com\/index.php\/wp-json\/wp\/v2\/categories?post=10622"},{"taxonomy":"post_tag","embeddable":true,"href":"https:\/\/www.todoeldia.com\/index.php\/wp-json\/wp\/v2\/tags?post=10622"}],"curies":[{"name":"wp","href":"https:\/\/api.w.org\/{rel}","templated":true}]}}