{"id":106222,"date":"2026-01-29T12:04:55","date_gmt":"2026-01-29T15:04:55","guid":{"rendered":"https:\/\/www.todoeldia.com\/?p=106222"},"modified":"2026-01-29T12:06:47","modified_gmt":"2026-01-29T15:06:47","slug":"murio-un-interno-alojado-en-la-alcaidia-de-salta","status":"publish","type":"post","link":"https:\/\/www.todoeldia.com\/index.php\/2026\/01\/29\/murio-un-interno-alojado-en-la-alcaidia-de-salta\/","title":{"rendered":"Muri\u00f3 un interno alojado en la Alcaid\u00eda de Salta"},"content":{"rendered":"\n<p>Un interno alojado en la Alcaid\u00eda General N.\u00ba 1 de la ciudad de Salta muri\u00f3 luego de sufrir una descompensaci\u00f3n en su celda del pabell\u00f3n B. El hombre fue identificado como Luis Gabriel Delgado, quien se encontraba detenido en ese establecimiento penitenciario.<\/p>\n\n\n\n<p>Seg\u00fan los primeros datos, Delgado se desvaneci\u00f3 de manera repentina en la celda N.\u00ba 7, en medio de las actividades habituales del sector. La situaci\u00f3n gener\u00f3 alarma entre las personas que se encontraban en el pabell\u00f3n y motiv\u00f3 la intervenci\u00f3n inmediata del personal de guardia.<\/p>\n\n\n\n<p>Agentes de la alcaid\u00eda dieron aviso al \u00e1rea m\u00e9dica interna, desde donde se constat\u00f3 que el interno cursaba un paro cardiorrespiratorio. De forma paralela a las primeras maniobras de asistencia, se solicit\u00f3 una ambulancia para el traslado de urgencia al hospital San Bernardo, en c\u00f3digo rojo.<\/p>\n\n\n\n<p>En el hospital, los m\u00e9dicos retomaron las tareas de reanimaci\u00f3n iniciadas dentro de la Alcaid\u00eda General N.\u00ba 1, pero finalmente se confirm\u00f3 el fallecimiento del detenido. La muerte fue asentada en la historia cl\u00ednica y notificada a las autoridades judiciales para el inicio de las actuaciones correspondientes.<\/p>\n\n\n\n<p>Fuentes cercanas al caso denuncian una negligencia generalizada: el interno habr\u00eda fallecido en su propia celda debido a la falta de atenci\u00f3n inmediata, llegando al hospital ya sin signos vitales.<\/p>\n\n\n\n<p>La indignaci\u00f3n crece ante los antecedentes que rodean al actual Director de la Alcaid\u00eda. Familiares y sectores cr\u00edticos se\u00f1alan que bajo su mando ya se han registrado m\u00faltiples tragedias, incluyendo el recordado caso del joven Saavedra, los internos que resultaron v\u00edctimas de incendios en sus celdas, y ahora el deceso de Delgado.<\/p>\n\n\n\n<p>Por el momento, no se difundieron informes oficiales sobre posibles antecedentes de salud o enfermedades preexistentes de Delgado. La Justicia abri\u00f3 una investigaci\u00f3n para determinar en qu\u00e9 circunstancias se produjo la descompensaci\u00f3n y el deceso dentro del establecimiento penitenciario, tanto en el plano penal como administrativo.<\/p>\n","protected":false},"excerpt":{"rendered":"<p>Un interno alojado en la Alcaid\u00eda General N.\u00ba 1 de la ciudad de Salta muri\u00f3 luego de sufrir una descompensaci\u00f3n en su celda del pabell\u00f3n B. El hombre fue identificado como Luis Gabriel Delgado, quien se encontraba detenido en ese establecimiento penitenciario. Seg\u00fan los primeros datos, Delgado se desvaneci\u00f3 de manera repentina en la celda [&hellip;]<\/p>\n","protected":false},"author":2,"featured_media":103915,"comment_status":"open","ping_status":"open","sticky":false,"template":"","format":"standard","meta":{"tdm_status":"","tdm_grid_status":"","_joinchat":[],"footnotes":""},"categories":[73],"tags":[],"class_list":{"0":"post-106222","1":"post","2":"type-post","3":"status-publish","4":"format-standard","5":"has-post-thumbnail","7":"category-noticias-general"},"amp_enabled":true,"_links":{"self":[{"href":"https:\/\/www.todoeldia.com\/index.php\/wp-json\/wp\/v2\/posts\/106222","targetHints":{"allow":["GET"]}}],"collection":[{"href":"https:\/\/www.todoeldia.com\/index.php\/wp-json\/wp\/v2\/posts"}],"about":[{"href":"https:\/\/www.todoeldia.com\/index.php\/wp-json\/wp\/v2\/types\/post"}],"author":[{"embeddable":true,"href":"https:\/\/www.todoeldia.com\/index.php\/wp-json\/wp\/v2\/users\/2"}],"replies":[{"embeddable":true,"href":"https:\/\/www.todoeldia.com\/index.php\/wp-json\/wp\/v2\/comments?post=106222"}],"version-history":[{"count":2,"href":"https:\/\/www.todoeldia.com\/index.php\/wp-json\/wp\/v2\/posts\/106222\/revisions"}],"predecessor-version":[{"id":106224,"href":"https:\/\/www.todoeldia.com\/index.php\/wp-json\/wp\/v2\/posts\/106222\/revisions\/106224"}],"wp:featuredmedia":[{"embeddable":true,"href":"https:\/\/www.todoeldia.com\/index.php\/wp-json\/wp\/v2\/media\/103915"}],"wp:attachment":[{"href":"https:\/\/www.todoeldia.com\/index.php\/wp-json\/wp\/v2\/media?parent=106222"}],"wp:term":[{"taxonomy":"category","embeddable":true,"href":"https:\/\/www.todoeldia.com\/index.php\/wp-json\/wp\/v2\/categories?post=106222"},{"taxonomy":"post_tag","embeddable":true,"href":"https:\/\/www.todoeldia.com\/index.php\/wp-json\/wp\/v2\/tags?post=106222"}],"curies":[{"name":"wp","href":"https:\/\/api.w.org\/{rel}","templated":true}]}}