{"id":106225,"date":"2026-01-29T12:11:44","date_gmt":"2026-01-29T15:11:44","guid":{"rendered":"https:\/\/www.todoeldia.com\/?p=106225"},"modified":"2026-01-29T12:11:45","modified_gmt":"2026-01-29T15:11:45","slug":"crisis-sanitaria-en-san-agustin-mangione-justifico-la-falta-de-ambulancias-por-falta-de-choferes","status":"publish","type":"post","link":"https:\/\/www.todoeldia.com\/index.php\/2026\/01\/29\/crisis-sanitaria-en-san-agustin-mangione-justifico-la-falta-de-ambulancias-por-falta-de-choferes\/","title":{"rendered":"Crisis sanitaria en San Agust\u00edn: Mangione justific\u00f3 la falta de ambulancias por &#8220;falta de choferes&#8221;"},"content":{"rendered":"\n<p>El sistema de salud volvi\u00f3 a fallar en el momento m\u00e1s cr\u00edtico. El accidente ocurrido el domingo por la noche en la Ruta Provincial 21 dej\u00f3 al descubierto una realidad preocupante; San Agust\u00edn cuenta con el veh\u00edculo, pero no con el personal para manejarlo.<\/p>\n\n\n\n<p>Tras la ola de cr\u00edticas por la demora en la asistencia, el titular de la cartera sanitaria, Federico Mangione, intent\u00f3 calmar las aguas con una explicaci\u00f3n que gener\u00f3 a\u00fan m\u00e1s pol\u00e9mica. El funcionario confirm\u00f3 que el m\u00f3vil est\u00e1 siendo acondicionado, pero lanz\u00f3 una frase contundente: el mayor inconveniente es la falta de choferes con la formaci\u00f3n necesaria para estar al frente de una unidad de emergencia.<\/p>\n\n\n\n<p>Mientras la burocracia y la falta de personal mantienen la ambulancia bajo llave, los heridos del \u00faltimo siniestro tuvieron que esperar largos minutos sobre la calzada. Finalmente, ante la urgencia, la Polic\u00eda de la Provincia tuvo que intervenir cargando a los damnificados en la caja de una camioneta policial para trasladarlos al hospital m\u00e1s cercano.<\/p>\n\n\n\n<p>Los vecinos de San Agust\u00edn se encuentran en estado de alerta y exige soluciones inmediatas, asegurando que la capacitaci\u00f3n del personal deber\u00eda haberse previsto antes de que ocurriera una tragedia. Por ahora, la soluci\u00f3n oficial sigue &#8220;en proceso&#8221;, mientras los vecinos dependen de la buena voluntad de otras jurisdicciones.<\/p>\n\n\n\n<p>El Cami\u00f3n de Germ\u00e1n<\/p>\n","protected":false},"excerpt":{"rendered":"<p>El sistema de salud volvi\u00f3 a fallar en el momento m\u00e1s cr\u00edtico. El accidente ocurrido el domingo por la noche en la Ruta Provincial 21 dej\u00f3 al descubierto una realidad preocupante; San Agust\u00edn cuenta con el veh\u00edculo, pero no con el personal para manejarlo. Tras la ola de cr\u00edticas por la demora en la asistencia, [&hellip;]<\/p>\n","protected":false},"author":2,"featured_media":106226,"comment_status":"open","ping_status":"open","sticky":false,"template":"","format":"standard","meta":{"tdm_status":"","tdm_grid_status":"","_joinchat":[],"footnotes":""},"categories":[73],"tags":[],"class_list":{"0":"post-106225","1":"post","2":"type-post","3":"status-publish","4":"format-standard","5":"has-post-thumbnail","7":"category-noticias-general"},"amp_enabled":true,"_links":{"self":[{"href":"https:\/\/www.todoeldia.com\/index.php\/wp-json\/wp\/v2\/posts\/106225","targetHints":{"allow":["GET"]}}],"collection":[{"href":"https:\/\/www.todoeldia.com\/index.php\/wp-json\/wp\/v2\/posts"}],"about":[{"href":"https:\/\/www.todoeldia.com\/index.php\/wp-json\/wp\/v2\/types\/post"}],"author":[{"embeddable":true,"href":"https:\/\/www.todoeldia.com\/index.php\/wp-json\/wp\/v2\/users\/2"}],"replies":[{"embeddable":true,"href":"https:\/\/www.todoeldia.com\/index.php\/wp-json\/wp\/v2\/comments?post=106225"}],"version-history":[{"count":1,"href":"https:\/\/www.todoeldia.com\/index.php\/wp-json\/wp\/v2\/posts\/106225\/revisions"}],"predecessor-version":[{"id":106227,"href":"https:\/\/www.todoeldia.com\/index.php\/wp-json\/wp\/v2\/posts\/106225\/revisions\/106227"}],"wp:featuredmedia":[{"embeddable":true,"href":"https:\/\/www.todoeldia.com\/index.php\/wp-json\/wp\/v2\/media\/106226"}],"wp:attachment":[{"href":"https:\/\/www.todoeldia.com\/index.php\/wp-json\/wp\/v2\/media?parent=106225"}],"wp:term":[{"taxonomy":"category","embeddable":true,"href":"https:\/\/www.todoeldia.com\/index.php\/wp-json\/wp\/v2\/categories?post=106225"},{"taxonomy":"post_tag","embeddable":true,"href":"https:\/\/www.todoeldia.com\/index.php\/wp-json\/wp\/v2\/tags?post=106225"}],"curies":[{"name":"wp","href":"https:\/\/api.w.org\/{rel}","templated":true}]}}