{"id":106230,"date":"2026-01-29T12:30:56","date_gmt":"2026-01-29T15:30:56","guid":{"rendered":"https:\/\/www.todoeldia.com\/?p=106230"},"modified":"2026-01-29T12:33:23","modified_gmt":"2026-01-29T15:33:23","slug":"ya-se-vive-la-chaya-rosarina-2026-con-una-cartelera-de-primer-nivel-con-grandes-artistas-nacionales","status":"publish","type":"post","link":"https:\/\/www.todoeldia.com\/index.php\/2026\/01\/29\/ya-se-vive-la-chaya-rosarina-2026-con-una-cartelera-de-primer-nivel-con-grandes-artistas-nacionales\/","title":{"rendered":"Ya se vive La Chaya Rosarina 2026 con una cartelera de primer nivel con grandes artistas nacionales"},"content":{"rendered":"\n<p>El tradicional festival se realizar\u00e1 el 15 y 16 de febrero y contar\u00e1 con una extensa grilla de artistas nacionales y regionales. Las entradas anticipadas tendr\u00e1n un valor inicial de 30 mil pesos.<\/p>\n\n\n\n<p>La municipalidad de Rosario de la Frontera dio a conocer en las \u00faltimas horas la cartelera oficial de la Chaya Rosarina 2026, uno de los eventos culturales y musicales m\u00e1s convocantes del sur salte\u00f1o, que se desarrollar\u00e1 durante dos jornadas, el 15 y 16 de febrero.<\/p>\n\n\n\n<figure class=\"wp-block-image size-full is-resized\"><img loading=\"lazy\" decoding=\"async\" width=\"472\" height=\"590\" src=\"https:\/\/www.todoeldia.com\/wp-content\/uploads\/2026\/01\/image-209.png\" alt=\"\" class=\"wp-image-106232\" style=\"width:1068px;height:auto\" srcset=\"https:\/\/www.todoeldia.com\/wp-content\/uploads\/2026\/01\/image-209.png 472w, https:\/\/www.todoeldia.com\/wp-content\/uploads\/2026\/01\/image-209-240x300.png 240w, https:\/\/www.todoeldia.com\/wp-content\/uploads\/2026\/01\/image-209-336x420.png 336w, https:\/\/www.todoeldia.com\/wp-content\/uploads\/2026\/01\/image-209-300x375.png 300w\" sizes=\"auto, (max-width: 472px) 100vw, 472px\" \/><\/figure>\n\n\n\n<p>Seg\u00fan se inform\u00f3, el festival reunir\u00e1 a una nutrida lista de artistas de distintos g\u00e9neros populares, entre los que se destacan El Chaque\u00f1o Palavecino, Sergio Galleguillo, La Konga, Eugenia Quevedo junto a LBC, Daniel Agostini y Los Bybys, entre muchos otros. La grilla tambi\u00e9n incluye a Los Herrera, Willy Campero, La Banda Continua, Meta Guacha, Iv\u00e1n Ruiz, Roberto Gim\u00e9nez, Herencia Santiague\u00f1a, Yanay, Claudio Mansilla, Thiago Sosa, Daniel y Daniel, Runacay, Hern\u00e1n Ceballos, Fe Mayor y Agust\u00edn Oropeza, entre m\u00e1s de treinta propuestas musicales.<\/p>\n\n\n\n<figure class=\"wp-block-image size-full is-resized\"><img loading=\"lazy\" decoding=\"async\" width=\"472\" height=\"590\" src=\"https:\/\/www.todoeldia.com\/wp-content\/uploads\/2026\/01\/image-210.png\" alt=\"\" class=\"wp-image-106233\" style=\"width:1063px;height:auto\" srcset=\"https:\/\/www.todoeldia.com\/wp-content\/uploads\/2026\/01\/image-210.png 472w, https:\/\/www.todoeldia.com\/wp-content\/uploads\/2026\/01\/image-210-240x300.png 240w, https:\/\/www.todoeldia.com\/wp-content\/uploads\/2026\/01\/image-210-336x420.png 336w, https:\/\/www.todoeldia.com\/wp-content\/uploads\/2026\/01\/image-210-300x375.png 300w\" sizes=\"auto, (max-width: 472px) 100vw, 472px\" \/><\/figure>\n\n\n\n<p>Desde la organizaci\u00f3n se\u00f1alaron que las entradas anticipadas saldr\u00e1n a la venta con un valor inicial de 30 mil pesos, mientras que en los pr\u00f3ximos d\u00edas se brindar\u00e1n mayores precisiones sobre puntos de venta, horarios y la distribuci\u00f3n de artistas por noche.<\/p>\n\n\n\n<p>La Chaya Rosarina se consolida a\u00f1o tras a\u00f1o como una de las celebraciones m\u00e1s importantes del calendario festivalero de la provincia, combinando m\u00fasica, tradici\u00f3n y una fuerte convocatoria tur\u00edstica que dinamiza la econom\u00eda local durante el verano.<\/p>\n","protected":false},"excerpt":{"rendered":"<p>El tradicional festival se realizar\u00e1 el 15 y 16 de febrero y contar\u00e1 con una extensa grilla de artistas nacionales y regionales. Las entradas anticipadas tendr\u00e1n un valor inicial de 30 mil pesos. La municipalidad de Rosario de la Frontera dio a conocer en las \u00faltimas horas la cartelera oficial de la Chaya Rosarina 2026, [&hellip;]<\/p>\n","protected":false},"author":2,"featured_media":105895,"comment_status":"open","ping_status":"open","sticky":false,"template":"","format":"standard","meta":{"tdm_status":"","tdm_grid_status":"","_joinchat":[],"footnotes":""},"categories":[73],"tags":[],"class_list":{"0":"post-106230","1":"post","2":"type-post","3":"status-publish","4":"format-standard","5":"has-post-thumbnail","7":"category-noticias-general"},"amp_enabled":true,"_links":{"self":[{"href":"https:\/\/www.todoeldia.com\/index.php\/wp-json\/wp\/v2\/posts\/106230","targetHints":{"allow":["GET"]}}],"collection":[{"href":"https:\/\/www.todoeldia.com\/index.php\/wp-json\/wp\/v2\/posts"}],"about":[{"href":"https:\/\/www.todoeldia.com\/index.php\/wp-json\/wp\/v2\/types\/post"}],"author":[{"embeddable":true,"href":"https:\/\/www.todoeldia.com\/index.php\/wp-json\/wp\/v2\/users\/2"}],"replies":[{"embeddable":true,"href":"https:\/\/www.todoeldia.com\/index.php\/wp-json\/wp\/v2\/comments?post=106230"}],"version-history":[{"count":2,"href":"https:\/\/www.todoeldia.com\/index.php\/wp-json\/wp\/v2\/posts\/106230\/revisions"}],"predecessor-version":[{"id":106234,"href":"https:\/\/www.todoeldia.com\/index.php\/wp-json\/wp\/v2\/posts\/106230\/revisions\/106234"}],"wp:featuredmedia":[{"embeddable":true,"href":"https:\/\/www.todoeldia.com\/index.php\/wp-json\/wp\/v2\/media\/105895"}],"wp:attachment":[{"href":"https:\/\/www.todoeldia.com\/index.php\/wp-json\/wp\/v2\/media?parent=106230"}],"wp:term":[{"taxonomy":"category","embeddable":true,"href":"https:\/\/www.todoeldia.com\/index.php\/wp-json\/wp\/v2\/categories?post=106230"},{"taxonomy":"post_tag","embeddable":true,"href":"https:\/\/www.todoeldia.com\/index.php\/wp-json\/wp\/v2\/tags?post=106230"}],"curies":[{"name":"wp","href":"https:\/\/api.w.org\/{rel}","templated":true}]}}