{"id":106238,"date":"2026-01-29T12:46:40","date_gmt":"2026-01-29T15:46:40","guid":{"rendered":"https:\/\/www.todoeldia.com\/?p=106238"},"modified":"2026-01-29T12:46:41","modified_gmt":"2026-01-29T15:46:41","slug":"loca-de-atar-mujer-imputada-en-vaqueros-por-reiterados-episodios-de-amenazas-y-agresiones","status":"publish","type":"post","link":"https:\/\/www.todoeldia.com\/index.php\/2026\/01\/29\/loca-de-atar-mujer-imputada-en-vaqueros-por-reiterados-episodios-de-amenazas-y-agresiones\/","title":{"rendered":"\u00a1Loca de atar! Mujer imputada en Vaqueros por reiterados episodios de amenazas y agresiones"},"content":{"rendered":"\n<p>La medida responde a una serie de denuncias que describen conductas reiteradas de amenazas, agresiones f\u00edsicas, hechos de violencia y desobediencia a medidas judiciales dispuestas con anterioridad.<\/p>\n\n\n\n<p>El fiscal penal 1 en feria, Pablo Paz, imput\u00f3 provisionalmente a una mujer de 38 a\u00f1os por los delitos de amenazas, amenazas con armas, lesiones, lesiones agravadas por el v\u00ednculo, coacci\u00f3n y desobediencia judicial, en concurso real, en el marco de causas tramitadas ante la Subcomisaria de Vaqueros. La acusada fue asistida por la defensa oficial y dio su versi\u00f3n de los hechos.<\/p>\n\n\n\n<p>La investigaci\u00f3n permiti\u00f3 reconstruir una sucesi\u00f3n de hechos que se inicia en abril de 2025, cuando la imputada fue denunciada por un episodio ocurrido en las inmediaciones de un domicilio particular. En esa ocasi\u00f3n, tras ingerir bebidas alcoh\u00f3licas, habr\u00eda amenazado a varias personas utilizando una botella de vidrio rota, profiriendo expresiones intimidatorias que generaron temor en los presentes, lo que motiv\u00f3 la intervenci\u00f3n policial y su posterior detenci\u00f3n.<\/p>\n\n\n\n<p>En el mes de julio, se produjo un conflicto con una agente de Tr\u00e1nsito municipal de Vaqueros, a ra\u00edz de un control vehicular realizado junto a personal de Seguridad Vial, durante el cual se retuvo una motocicleta conducida por el hijo de la imputada. Horas m\u00e1s tarde, la mujer se present\u00f3 en el domicilio de la trabajadora municipal, donde la intimid\u00f3 y la empuj\u00f3, exigi\u00e9ndole que retirara el rodado y afrontara las multas labradas, bajo la amenaza de incendiar su vivienda. Como consecuencia de este hecho, se dispusieron medidas cautelares de prohibici\u00f3n de acercamiento y de ejercer actos de violencia.<\/p>\n\n\n\n<p>Posteriormente en agosto, durante un evento p\u00fablico realizado en la localidad de Vaqueros, la imputada debi\u00f3 ser retirada del predio por personal policial al encontrarse alterada y agresiva. En ese contexto, se resisti\u00f3 al procedimiento, intent\u00f3 agredir a los efectivos y profiri\u00f3 amenazas e insultos hacia una agente policial que participaba del operativo, quien result\u00f3 lesionada al caer al suelo durante el forcejeo.<\/p>\n\n\n\n<p>A fines de septiembre, la mujer protagoniz\u00f3 un nuevo episodio de violencia cuando se acerc\u00f3 a un veh\u00edculo estacionado frente a un domicilio particular, intent\u00f3 abrirlo por la fuerza y, al ser increpada por el conductor, lo agredi\u00f3 f\u00edsicamente con un golpe de pu\u00f1o en el rostro. Tras la intervenci\u00f3n policial, volvi\u00f3 a tornarse violenta y profiri\u00f3 amenazas contra el damnificado y su grupo familiar, lo que deriv\u00f3 en una nueva denuncia penal.<\/p>\n\n\n\n<p>En octubre, la imputada se present\u00f3 en horas de la noche en la vivienda de su madre en estado de ebriedad y bajo los efectos de sustancias, donde comenz\u00f3 a patear violentamente una puerta mientras profer\u00eda amenazas, generando temor en la damnificada, quien solicit\u00f3 la intervenci\u00f3n policial y medidas de protecci\u00f3n.<\/p>\n\n\n\n<p>Luego, en el mes de noviembre, mantuvo una discusi\u00f3n en el domicilio de su madre con su hijo adolescente, quien se encuentra bajo el cuidado judicial de su abuela. Durante ese episodio, la mujer habr\u00eda agredido f\u00edsicamente al menor, provoc\u00e1ndole excoriaciones y golpes en distintas partes del cuerpo, lesiones que fueron constatadas mediante examen m\u00e9dico legal, el cual determin\u00f3 un tiempo de curaci\u00f3n e incapacidad compatible con una agresi\u00f3n reciente.<\/p>\n\n\n\n<p>En el mes de diciembre, la imputada se hizo presente en horas de la madrugada en el domicilio de un vecino de Vaqueros, donde vocifer\u00f3 insultos y amenazas de muerte tanto hacia el denunciante como hacia su hija, manifestando su intenci\u00f3n de causarles un da\u00f1o grave por un conflicto previo ocurrido en un evento realizado en Lesser. Tras reiterar sus expresiones intimidatorias, se retir\u00f3 del lugar a bordo de una motocicleta, generando un profundo temor en el grupo familiar.<\/p>\n\n\n\n<p>Finalmente, el 27 de enero de este a\u00f1o, la mujer se present\u00f3 en dependencias municipales de Vaqueros, donde la agente de Tr\u00e1nsito con la que manten\u00eda conflictos previos se encontraba cumpliendo funciones. En ese contexto, se le aproxim\u00f3 de manera agresiva y le profiri\u00f3 una amenaza directa, lo que gener\u00f3 temor en la trabajadora, quien debi\u00f3 retirarse del lugar y dar aviso a la polic\u00eda. Se constat\u00f3 que la imputada incumpli\u00f3 las medidas cautelares de prohibici\u00f3n de acercamiento que se encontraban vigentes desde junio de 2025, debiendo intervenir personal policial que se encontraba en el edificio.<\/p>\n","protected":false},"excerpt":{"rendered":"<p>La medida responde a una serie de denuncias que describen conductas reiteradas de amenazas, agresiones f\u00edsicas, hechos de violencia y desobediencia a medidas judiciales dispuestas con anterioridad. El fiscal penal 1 en feria, Pablo Paz, imput\u00f3 provisionalmente a una mujer de 38 a\u00f1os por los delitos de amenazas, amenazas con armas, lesiones, lesiones agravadas por [&hellip;]<\/p>\n","protected":false},"author":2,"featured_media":47648,"comment_status":"open","ping_status":"open","sticky":false,"template":"","format":"standard","meta":{"tdm_status":"","tdm_grid_status":"","_joinchat":[],"footnotes":""},"categories":[73],"tags":[],"class_list":{"0":"post-106238","1":"post","2":"type-post","3":"status-publish","4":"format-standard","5":"has-post-thumbnail","7":"category-noticias-general"},"amp_enabled":true,"_links":{"self":[{"href":"https:\/\/www.todoeldia.com\/index.php\/wp-json\/wp\/v2\/posts\/106238","targetHints":{"allow":["GET"]}}],"collection":[{"href":"https:\/\/www.todoeldia.com\/index.php\/wp-json\/wp\/v2\/posts"}],"about":[{"href":"https:\/\/www.todoeldia.com\/index.php\/wp-json\/wp\/v2\/types\/post"}],"author":[{"embeddable":true,"href":"https:\/\/www.todoeldia.com\/index.php\/wp-json\/wp\/v2\/users\/2"}],"replies":[{"embeddable":true,"href":"https:\/\/www.todoeldia.com\/index.php\/wp-json\/wp\/v2\/comments?post=106238"}],"version-history":[{"count":1,"href":"https:\/\/www.todoeldia.com\/index.php\/wp-json\/wp\/v2\/posts\/106238\/revisions"}],"predecessor-version":[{"id":106239,"href":"https:\/\/www.todoeldia.com\/index.php\/wp-json\/wp\/v2\/posts\/106238\/revisions\/106239"}],"wp:featuredmedia":[{"embeddable":true,"href":"https:\/\/www.todoeldia.com\/index.php\/wp-json\/wp\/v2\/media\/47648"}],"wp:attachment":[{"href":"https:\/\/www.todoeldia.com\/index.php\/wp-json\/wp\/v2\/media?parent=106238"}],"wp:term":[{"taxonomy":"category","embeddable":true,"href":"https:\/\/www.todoeldia.com\/index.php\/wp-json\/wp\/v2\/categories?post=106238"},{"taxonomy":"post_tag","embeddable":true,"href":"https:\/\/www.todoeldia.com\/index.php\/wp-json\/wp\/v2\/tags?post=106238"}],"curies":[{"name":"wp","href":"https:\/\/api.w.org\/{rel}","templated":true}]}}