{"id":106249,"date":"2026-01-29T20:08:33","date_gmt":"2026-01-29T23:08:33","guid":{"rendered":"https:\/\/www.todoeldia.com\/?p=106249"},"modified":"2026-01-29T20:08:34","modified_gmt":"2026-01-29T23:08:34","slug":"cuales-son-las-tendencias-en-trajes-de-bano-este-verano-2026-los-modelos-y-colores-mas-usados","status":"publish","type":"post","link":"https:\/\/www.todoeldia.com\/index.php\/2026\/01\/29\/cuales-son-las-tendencias-en-trajes-de-bano-este-verano-2026-los-modelos-y-colores-mas-usados\/","title":{"rendered":"Cu\u00e1les son las tendencias en trajes de ba\u00f1o este verano 2026: los modelos y colores m\u00e1s usados"},"content":{"rendered":"\n<p>Las figuras m\u00e1s influyentes del espect\u00e1culo y las redes sociales redefinen el look<\/p>\n\n\n\n<p>En los d\u00edas de calor la costa despliega su propio desfile de moda. Las playas argentinas y uruguayas se llena de color cuando las celebridades eligen sus trajes de ba\u00f1o para la temporada.<\/p>\n\n\n\n<p>La pregunta se repite cada a\u00f1o: \u00bfcu\u00e1les son las tendencias en mallas para el verano 2026? Las figuras m\u00e1s seguidas en redes sociales da la respuestas con looks que combinan molder\u00eda cl\u00e1sica, detalles de lujo y una paleta pensada para resaltar el bronceado.<\/p>\n\n\n\n<p>La bikini tri\u00e1ngulo sobresale como la m\u00e1s elegida entre las famosas. Este corte se adapta a distintos estilos, pero se mantiene como el b\u00e1sico infaltable. El modelo triangular permite que cada quien aporte su impronta y, al mismo tiempo, favorece la silueta. la bikini se convierte en una especie de lienzo para sumar accesorios y detalles personalizados.<\/p>\n\n\n\n<p>Zaira Nara: microbikini bicolor y contraste<\/p>\n\n\n\n<figure class=\"wp-block-image size-large is-resized\"><img loading=\"lazy\" decoding=\"async\" width=\"768\" height=\"1024\" src=\"https:\/\/www.todoeldia.com\/wp-content\/uploads\/2026\/01\/image-214-768x1024.png\" alt=\"\" class=\"wp-image-106251\" style=\"width:1056px;height:auto\" srcset=\"https:\/\/www.todoeldia.com\/wp-content\/uploads\/2026\/01\/image-214-768x1024.png 768w, https:\/\/www.todoeldia.com\/wp-content\/uploads\/2026\/01\/image-214-225x300.png 225w, https:\/\/www.todoeldia.com\/wp-content\/uploads\/2026\/01\/image-214-315x420.png 315w, https:\/\/www.todoeldia.com\/wp-content\/uploads\/2026\/01\/image-214-300x400.png 300w, https:\/\/www.todoeldia.com\/wp-content\/uploads\/2026\/01\/image-214-696x928.png 696w, https:\/\/www.todoeldia.com\/wp-content\/uploads\/2026\/01\/image-214.png 992w\" sizes=\"auto, (max-width: 768px) 100vw, 768px\" \/><\/figure>\n\n\n\n<p><strong>La modelo luci\u00f3 una microbikini verde y violeta con tiras ajustables y lentes retro<\/strong><\/p>\n\n\n\n<p>En la elecci\u00f3n de Zaira Nara se encuentra una de las tendencias m\u00e1s fuertes del verano: la microbikini bicolor. La base verde lima se combina con vivos violeta, generando un contraste de alto impacto.<\/p>\n\n\n\n<p>El corpi\u00f1o triangular de breteles finos y la bombacha colaless de tiras ajustables estilizan la figura. Los lentes de sol rectangulares y un collar de cuentas oscuras suman un aire retro. El beauty look es sencillo: cabello oscuro suelto y bronceado, sin maquillaje recargado. El contraste de colores intensos domina la temporada.<\/p>\n\n\n\n<p>Antonela Roccuzzo: negro con tachas, aire glam-rock<\/p>\n\n\n\n<figure class=\"wp-block-image size-large is-resized\"><img loading=\"lazy\" decoding=\"async\" width=\"768\" height=\"1024\" src=\"https:\/\/www.todoeldia.com\/wp-content\/uploads\/2026\/01\/image-216-768x1024.png\" alt=\"\" class=\"wp-image-106253\" style=\"width:1068px;height:auto\" srcset=\"https:\/\/www.todoeldia.com\/wp-content\/uploads\/2026\/01\/image-216-768x1024.png 768w, https:\/\/www.todoeldia.com\/wp-content\/uploads\/2026\/01\/image-216-225x300.png 225w, https:\/\/www.todoeldia.com\/wp-content\/uploads\/2026\/01\/image-216-315x420.png 315w, https:\/\/www.todoeldia.com\/wp-content\/uploads\/2026\/01\/image-216-300x400.png 300w, https:\/\/www.todoeldia.com\/wp-content\/uploads\/2026\/01\/image-216-696x928.png 696w, https:\/\/www.todoeldia.com\/wp-content\/uploads\/2026\/01\/image-216.png 992w\" sizes=\"auto, (max-width: 768px) 100vw, 768px\" \/><\/figure>\n\n\n\n<p><strong> Prefiri\u00f3 una bikini negra con tachas y look mojado (Fuente)<\/strong><\/p>\n\n\n\n<p>Antonela Roccuzzo apuesta por el negro cl\u00e1sico, pero lo actualiza con tachas met\u00e1licas plateadas en los bordes del corpi\u00f1o y la bombacha. El formato triangular y las tiras laterales ofrecen comodidad y un perfil deportivo-elegante.<\/p>\n\n\n\n<p>El efecto \u201cwet look\u201d del cabello mojado y la piel bronceada resalta el brillo de los detalles met\u00e1licos. Antonela mantiene los accesorios al m\u00ednimo, con una pulsera negra y un piercing discreto en el ombligo, priorizando la naturalidad y la fuerza visual del conjunto.<\/p>\n\n\n\n<p>Tini Stoessel: minimalismo urbano y accesorios protagonistas<\/p>\n\n\n\n<figure class=\"wp-block-image size-large is-resized\"><img loading=\"lazy\" decoding=\"async\" width=\"831\" height=\"1024\" src=\"https:\/\/www.todoeldia.com\/wp-content\/uploads\/2026\/01\/image-217-831x1024.png\" alt=\"\" class=\"wp-image-106254\" style=\"width:1057px;height:auto\" srcset=\"https:\/\/www.todoeldia.com\/wp-content\/uploads\/2026\/01\/image-217-831x1024.png 831w, https:\/\/www.todoeldia.com\/wp-content\/uploads\/2026\/01\/image-217-243x300.png 243w, https:\/\/www.todoeldia.com\/wp-content\/uploads\/2026\/01\/image-217-768x947.png 768w, https:\/\/www.todoeldia.com\/wp-content\/uploads\/2026\/01\/image-217-341x420.png 341w, https:\/\/www.todoeldia.com\/wp-content\/uploads\/2026\/01\/image-217-300x370.png 300w, https:\/\/www.todoeldia.com\/wp-content\/uploads\/2026\/01\/image-217-324x400.png 324w, https:\/\/www.todoeldia.com\/wp-content\/uploads\/2026\/01\/image-217-696x858.png 696w, https:\/\/www.todoeldia.com\/wp-content\/uploads\/2026\/01\/image-217.png 992w\" sizes=\"auto, (max-width: 831px) 100vw, 831px\" \/><\/figure>\n\n\n\n<p><strong>La cantante seleccion\u00f3 una bikini negra, tatuajes a la vista y un collar dorado<\/strong><\/p>\n\n\n\n<p>El look de Tini Stoessel se apoya en una bikini negra de corpi\u00f1o triangular fijo y bombacha ultra cavada. Este corte alarga la l\u00ednea de las piernas y resalta la cadera.<\/p>\n\n\n\n<p>Tini suma lentes de sol retro y un collar r\u00edgido tipo \u201cclavo\u201d dorado, mientras que sus tatuajes (drag\u00f3n, sol y ara\u00f1a) se vuelven parte de la composici\u00f3n visual.<\/p>\n\n\n\n<p>Graciela Alfano: lujo boho en clave amarilla<\/p>\n\n\n\n<figure class=\"wp-block-image size-large is-resized\"><img loading=\"lazy\" decoding=\"async\" width=\"576\" height=\"1024\" src=\"https:\/\/www.todoeldia.com\/wp-content\/uploads\/2026\/01\/image-218-576x1024.png\" alt=\"\" class=\"wp-image-106255\" style=\"width:1065px;height:auto\" srcset=\"https:\/\/www.todoeldia.com\/wp-content\/uploads\/2026\/01\/image-218-576x1024.png 576w, https:\/\/www.todoeldia.com\/wp-content\/uploads\/2026\/01\/image-218-169x300.png 169w, https:\/\/www.todoeldia.com\/wp-content\/uploads\/2026\/01\/image-218-768x1366.png 768w, https:\/\/www.todoeldia.com\/wp-content\/uploads\/2026\/01\/image-218-864x1536.png 864w, https:\/\/www.todoeldia.com\/wp-content\/uploads\/2026\/01\/image-218-236x420.png 236w, https:\/\/www.todoeldia.com\/wp-content\/uploads\/2026\/01\/image-218-300x533.png 300w, https:\/\/www.todoeldia.com\/wp-content\/uploads\/2026\/01\/image-218-696x1238.png 696w, https:\/\/www.todoeldia.com\/wp-content\/uploads\/2026\/01\/image-218.png 992w\" sizes=\"auto, (max-width: 576px) 100vw, 576px\" \/><\/figure>\n\n\n\n<p><strong>La actriz eligi\u00f3 una bikini amarilla con detalles dorados y sombrero cowboy<\/strong><\/p>\n\n\n\n<p>El look de Graciela Alfano destaca por el uso de un bikini amarillo canario con herrajes dorados y piedras verdes en la base del corpi\u00f1o. La bombacha, de tiro bajo y estilo colaless, repite el motivo de los eslabones dorados. Alfano completa el conjunto con un sombrero cowboy de rafia decorado con un \u201cojo turco\u201d, un bolso de rafia de Prada y gafas oversized. El pareo de crochet blanco suma textura y suaviza el impacto visual del amarillo. Alfano demuestra que el boho-chic puede convivir con la sofisticaci\u00f3n y la tendencia de lujo.<\/p>\n\n\n\n<p>Wanda Nara: celeste pastel y detalles de alta gama<\/p>\n\n\n\n<figure class=\"wp-block-image size-large is-resized\"><img loading=\"lazy\" decoding=\"async\" width=\"571\" height=\"1024\" src=\"https:\/\/www.todoeldia.com\/wp-content\/uploads\/2026\/01\/image-219-571x1024.png\" alt=\"\" class=\"wp-image-106256\" style=\"width:1057px;height:auto\" srcset=\"https:\/\/www.todoeldia.com\/wp-content\/uploads\/2026\/01\/image-219-571x1024.png 571w, https:\/\/www.todoeldia.com\/wp-content\/uploads\/2026\/01\/image-219-167x300.png 167w, https:\/\/www.todoeldia.com\/wp-content\/uploads\/2026\/01\/image-219-768x1377.png 768w, https:\/\/www.todoeldia.com\/wp-content\/uploads\/2026\/01\/image-219-856x1536.png 856w, https:\/\/www.todoeldia.com\/wp-content\/uploads\/2026\/01\/image-219-234x420.png 234w, https:\/\/www.todoeldia.com\/wp-content\/uploads\/2026\/01\/image-219-300x538.png 300w, https:\/\/www.todoeldia.com\/wp-content\/uploads\/2026\/01\/image-219-696x1248.png 696w, https:\/\/www.todoeldia.com\/wp-content\/uploads\/2026\/01\/image-219.png 992w\" sizes=\"auto, (max-width: 571px) 100vw, 571px\" \/><\/figure>\n\n\n\n<p><strong>La empresaria apost\u00f3 por una bikini celeste pastel con herrajes de carey y un collar r\u00edgido<\/strong><\/p>\n\n\n\n<p>El minimalismo se combina con el lujo en el bikini de Wanda Nara. La prenda es de color celeste pastel, con textura acanalada y tiras nude que generan un efecto visual delicado.<\/p>\n\n\n\n<p>Los detalles de carey se ubican tanto en el corpi\u00f1o como en la bombacha de tiro bajo, funcionando como piezas de joyer\u00eda. Wanda suma un collar r\u00edgido tipo \u201cclavo\u201d y una manicura en bord\u00f3 oscuro. La elecci\u00f3n de tonos suaves y materiales nobles consolida su imagen fresca.<\/p>\n\n\n\n<p>Florencia Pe\u00f1a: bicolor y tatuajes al frente<\/p>\n\n\n\n<figure class=\"wp-block-image size-large is-resized\"><img loading=\"lazy\" decoding=\"async\" width=\"768\" height=\"1024\" src=\"https:\/\/www.todoeldia.com\/wp-content\/uploads\/2026\/01\/image-220-768x1024.png\" alt=\"\" class=\"wp-image-106257\" style=\"width:1057px;height:auto\" srcset=\"https:\/\/www.todoeldia.com\/wp-content\/uploads\/2026\/01\/image-220-768x1024.png 768w, https:\/\/www.todoeldia.com\/wp-content\/uploads\/2026\/01\/image-220-225x300.png 225w, https:\/\/www.todoeldia.com\/wp-content\/uploads\/2026\/01\/image-220-315x420.png 315w, https:\/\/www.todoeldia.com\/wp-content\/uploads\/2026\/01\/image-220-300x400.png 300w, https:\/\/www.todoeldia.com\/wp-content\/uploads\/2026\/01\/image-220-696x928.png 696w, https:\/\/www.todoeldia.com\/wp-content\/uploads\/2026\/01\/image-220.png 992w\" sizes=\"auto, (max-width: 768px) 100vw, 768px\" \/><\/figure>\n\n\n\n<p><strong>La conductora opt\u00f3 por un conjunto bicolor y corpi\u00f1o bandeau que resalta sus tatuajes<\/strong><\/p>\n\n\n\n<p>La apuesta de Florencia Pe\u00f1a se inclina hacia el minimalismo con una bikini bicolor en crema y marr\u00f3n chocolate. El corpi\u00f1o bandeau sin breteles y la bombacha peque\u00f1a de tiras laterales permiten que se luzcan sus tatuajes, que se convierten en el detalle central del look. La malla funciona como un marco para sus tatuajes, que son parte de su identidad visual.<\/p>\n\n\n\n<p>El cabello con ondas y el maquillaje sutil acompa\u00f1an una imagen natural y real, que se destaca en paisajes de playa con fondo rocoso.<\/p>\n\n\n\n<p>Julieta Poggio: rayas, vivos y esp\u00edritu dosmilero<\/p>\n\n\n\n<figure class=\"wp-block-image size-large is-resized\"><img loading=\"lazy\" decoding=\"async\" width=\"576\" height=\"1024\" src=\"https:\/\/www.todoeldia.com\/wp-content\/uploads\/2026\/01\/image-221-576x1024.png\" alt=\"\" class=\"wp-image-106258\" style=\"width:1068px;height:auto\" srcset=\"https:\/\/www.todoeldia.com\/wp-content\/uploads\/2026\/01\/image-221-576x1024.png 576w, https:\/\/www.todoeldia.com\/wp-content\/uploads\/2026\/01\/image-221-169x300.png 169w, https:\/\/www.todoeldia.com\/wp-content\/uploads\/2026\/01\/image-221-768x1366.png 768w, https:\/\/www.todoeldia.com\/wp-content\/uploads\/2026\/01\/image-221-864x1536.png 864w, https:\/\/www.todoeldia.com\/wp-content\/uploads\/2026\/01\/image-221-236x420.png 236w, https:\/\/www.todoeldia.com\/wp-content\/uploads\/2026\/01\/image-221-300x533.png 300w, https:\/\/www.todoeldia.com\/wp-content\/uploads\/2026\/01\/image-221-696x1238.png 696w, https:\/\/www.todoeldia.com\/wp-content\/uploads\/2026\/01\/image-221.png 992w\" sizes=\"auto, (max-width: 576px) 100vw, 576px\" \/><\/figure>\n\n\n\n<p><strong>La ex participante de reality deslumbr\u00f3 con rayas verticales, vivos amarillos y gafas cat-eye<\/strong><\/p>\n\n\n\n<p>El dise\u00f1o elegido por Julieta Poggio se caracteriza por un patr\u00f3n de rayas verticales sobre fondo oscuro, enmarcado por vivos y breteles amarillos. El corpi\u00f1o de tri\u00e1ngulo fijo y la bombacha de tiro bajo mantienen la coherencia visual, mientras que las gafas cat-eye y el piercing en el ombligo refuerzan el aire vintage y juvenil. El cabello con mechas frontales claras rescata la tendencia \u201cchunky highlights\u201d de los a\u00f1os 2000. Los estampados y los contrastes de color se posicionan como un sello personal en la playa.<\/p>\n\n\n\n<p>Los accesorios completan el estilo de los trajes de ba\u00f1o<\/p>\n\n\n\n<p>La tendencia generalizada es sumar accesorios de alto impacto. Los collares r\u00edgidos tipo \u201cclavo\u201d, las pulseras minimalistas y los piercings en el ombligo funcionan como puntos de atenci\u00f3n. Las gafas de sol con marcos llamativos \u2014rectangulares, cat-eye, shield u oversized\u2014 son infaltables y permiten jugar con estilos retro y contempor\u00e1neos.<\/p>\n\n\n\n<p>El beauty look natural es otra constante: el cabello suelto, con ondas suaves o efecto mojado, y el maquillaje casi invisible refuerzan la idea de frescura y autenticidad.<\/p>\n\n\n\n<p>El bikini de tri\u00e1ngulo se lleva la mayor preferencia, seguido por variantes bandeau, high-cut y colaless. Los colores m\u00e1s vistos son el amarillo canario, el celeste pastel, el verde lima y el negro cl\u00e1sico. Los dise\u00f1os se distinguen por la presencia de detalles met\u00e1licos, herrajes, vivos en contraste y estampados sutiles. La consigna es sumar personalidad a cada conjunto, combinando comodidad, estilo y una cuota de individualidad.<\/p>\n","protected":false},"excerpt":{"rendered":"<p>Las figuras m\u00e1s influyentes del espect\u00e1culo y las redes sociales redefinen el look En los d\u00edas de calor la costa despliega su propio desfile de moda. Las playas argentinas y uruguayas se llena de color cuando las celebridades eligen sus trajes de ba\u00f1o para la temporada. La pregunta se repite cada a\u00f1o: \u00bfcu\u00e1les son las [&hellip;]<\/p>\n","protected":false},"author":2,"featured_media":106250,"comment_status":"open","ping_status":"open","sticky":false,"template":"","format":"standard","meta":{"tdm_status":"","tdm_grid_status":"","_joinchat":[],"footnotes":""},"categories":[120],"tags":[],"class_list":{"0":"post-106249","1":"post","2":"type-post","3":"status-publish","4":"format-standard","5":"has-post-thumbnail","7":"category-espectaculos-2"},"amp_enabled":true,"_links":{"self":[{"href":"https:\/\/www.todoeldia.com\/index.php\/wp-json\/wp\/v2\/posts\/106249","targetHints":{"allow":["GET"]}}],"collection":[{"href":"https:\/\/www.todoeldia.com\/index.php\/wp-json\/wp\/v2\/posts"}],"about":[{"href":"https:\/\/www.todoeldia.com\/index.php\/wp-json\/wp\/v2\/types\/post"}],"author":[{"embeddable":true,"href":"https:\/\/www.todoeldia.com\/index.php\/wp-json\/wp\/v2\/users\/2"}],"replies":[{"embeddable":true,"href":"https:\/\/www.todoeldia.com\/index.php\/wp-json\/wp\/v2\/comments?post=106249"}],"version-history":[{"count":1,"href":"https:\/\/www.todoeldia.com\/index.php\/wp-json\/wp\/v2\/posts\/106249\/revisions"}],"predecessor-version":[{"id":106259,"href":"https:\/\/www.todoeldia.com\/index.php\/wp-json\/wp\/v2\/posts\/106249\/revisions\/106259"}],"wp:featuredmedia":[{"embeddable":true,"href":"https:\/\/www.todoeldia.com\/index.php\/wp-json\/wp\/v2\/media\/106250"}],"wp:attachment":[{"href":"https:\/\/www.todoeldia.com\/index.php\/wp-json\/wp\/v2\/media?parent=106249"}],"wp:term":[{"taxonomy":"category","embeddable":true,"href":"https:\/\/www.todoeldia.com\/index.php\/wp-json\/wp\/v2\/categories?post=106249"},{"taxonomy":"post_tag","embeddable":true,"href":"https:\/\/www.todoeldia.com\/index.php\/wp-json\/wp\/v2\/tags?post=106249"}],"curies":[{"name":"wp","href":"https:\/\/api.w.org\/{rel}","templated":true}]}}