{"id":106264,"date":"2026-01-29T20:41:14","date_gmt":"2026-01-29T23:41:14","guid":{"rendered":"https:\/\/www.todoeldia.com\/?p=106264"},"modified":"2026-01-29T20:41:15","modified_gmt":"2026-01-29T23:41:15","slug":"saenz-y-los-gobernadores-dialoguistas-negocian-con-diego-santilli-el-apoyo-a-la-reforma-laboral-de-milei","status":"publish","type":"post","link":"https:\/\/www.todoeldia.com\/index.php\/2026\/01\/29\/saenz-y-los-gobernadores-dialoguistas-negocian-con-diego-santilli-el-apoyo-a-la-reforma-laboral-de-milei\/","title":{"rendered":"S\u00e1enz y los gobernadores dialoguistas negocian con Diego Santilli el apoyo a la reforma laboral de Milei"},"content":{"rendered":"\n<p>Mientras se define el apoyo para esa ley, las provincias reclaman por la emergencia \u00edgnea para asistir ante los incendios.<\/p>\n\n\n\n<p>Los gobernadores dialoguistas negociaban con el ministro del Interior, Diego Santilli, el apoyo a la reforma laboral que el Poder Ejecutivo pretende sancionar durante las sesiones extraordinarias de febrero, en medio del reclamo de numerosas provincias por la declaraci\u00f3n de la emergencia \u00edgnea para atender los incendios.<\/p>\n\n\n\n<p>Santilli asisti\u00f3 este jueves en la Casa de Salta a un encuentro que congreg\u00f3 a los mandatarios provinciales Gustavo S\u00e1enz, Osvaldo Jaldo (Tucuman) y Ra\u00fal Jalil (Catamarca), quienes se reunieron para definir una postura en com\u00fan sobre la reforma laboral y avanzar con pedidos puntuales al poder central.<\/p>\n\n\n\n<p>S\u00e1enz plante\u00f3 tras la reuni\u00f3n: \u201cEllos (Naci\u00f3n) tienen una agenda nacional que respetamos, acompa\u00f1amos, y nosotros tenemos una agenda provincial, con realidades que no son las mismas. Acompa\u00f1amos desde el principio este proceso de modernizaci\u00f3n laboral y plantemos alg\u00fan tipo de cambios que seguramente se hablaran en la mesa pol\u00edtica del Gobierno, esperemos que lleguemos a alguna soluci\u00f3n&#8221;.<\/p>\n\n\n\n<p>El gobernador de Salta advirti\u00f3: \u201cLa recaudaci\u00f3n viene cayendo, con el IVA, la ca\u00edda de consumo. Esto (una reducci\u00f3n de Ganancias) nos golpear\u00eda much\u00edsimo fiscalmente a las provincias, solo en el caso de Salta ser\u00edan unos $80 mil millones, el a\u00f1o que viene. Por eso buscamos alternativas, compensaciones para no seguir resignando fondos de las provincias&#8221;.<\/p>\n\n\n\n<figure class=\"wp-block-image size-full is-resized\"><img loading=\"lazy\" decoding=\"async\" width=\"573\" height=\"360\" src=\"https:\/\/www.todoeldia.com\/wp-content\/uploads\/2026\/01\/image-223.png\" alt=\"\" class=\"wp-image-106266\" style=\"width:1068px;height:auto\" srcset=\"https:\/\/www.todoeldia.com\/wp-content\/uploads\/2026\/01\/image-223.png 573w, https:\/\/www.todoeldia.com\/wp-content\/uploads\/2026\/01\/image-223-300x188.png 300w\" sizes=\"auto, (max-width: 573px) 100vw, 573px\" \/><\/figure>\n\n\n\n<p><strong>Gobernadores se re\u00fanieron hoy en la Casa de Salta.<\/strong><\/p>\n\n\n\n<p>S\u00e1enz explic\u00f3: \u201cBuscamos alternativas para no seguir resignando fondos, puede usarse alg\u00fan otro tipo de impuesto, como el impuesto al cheque, que era coparticipable y lo resignamos en la \u00e9poca de Mauricio Macri con el consenso fiscal, y no lo recuperamos\u201d.<\/p>\n\n\n\n<p>Mientras Santilli milita ante los gobernadores la reforma laboral, la Ley de Glaciares, el acuerdo con el Mercosur y la ley Penal Juvenil para las sesiones extraordinarias, los mandatarios provinciales hicieron causa com\u00fan en el reclamo de la declaraci\u00f3n de la ley de emergencia \u00edgnea para disponer de mayores recursos a la hora de atender los incendios que azotan el sur del pa\u00eds.<\/p>\n\n\n\n<p>Santilli afirm\u00f3 que la reuni\u00f3n con los gobernadores dialoguistas \u201cfue positiva\u201d y que el Gobierno nacional est\u00e1 al tanto de lo que sucede en el sur del pa\u00eds y \u201cpresente en los incendios\u201d.<\/p>\n\n\n\n<p>Tambi\u00e9n remarc\u00f3 que \u201cen las pr\u00f3ximas horas\u201d, junto con el Gabinete, Manuel Adorni, se resolver\u00e1 el pedido por la ley de Emergencia \u00cdgnea que fue solicitada por los gobernadores Ignacio Torres (Chubut), Sergio Ziliotto (La Pampa), Rolando Figueroa (Neuqu\u00e9n), Alberto Weretilneck (R\u00edo Negro), Claudio Vidal (Santa Cruz) y Gustavo Melella (Tierra del Fuego).<\/p>\n\n\n\n<p>En efecto, el Gobierno analizaba la posibilidad de prorrogar por decreto la ley de Emergencia \u00cdgnea ante la crisis generada por los incendios, mientras estudia la incorporaci\u00f3n a extraordinarias del aumento de partidas que reclaman los gobernadores.<\/p>\n\n\n\n<p>Al ser consultado por el proyecto de reforma laboral, Santilli se mostr\u00f3 \u201coptimista\u201d al respecto y consider\u00f3 que \u201cseguramente\u201d se apruebe.<\/p>\n\n\n\n<p>Por su parte, S\u00e1enz se mostr\u00f3 conforme por el encuentro y destac\u00f3 el \u201cesp\u00edritu\u201d de la reforma laboral, al afirmar que \u201ctenemos que modernizar una ley que es viej\u00edsima y aggiornarla a estos tiempos\u201d<\/p>\n\n\n\n<p>C\u00f3mo sigue<\/p>\n\n\n\n<p>En tanto, Santilli visitar\u00e1 ma\u00f1ana la provincia de Corrientes para reunirse con el gobernador Juan Pablo Vald\u00e9s como parte de la ronda de encuentros que lleva adelante en la b\u00fasqueda de apoyos para la reforma laboral.<\/p>\n\n\n\n<p>Hasta el momento el ministro consigui\u00f3 el respaldo de ocho gobernadores: Rogelio Frigerio (Entre R\u00edos); Alfredo Cornejo (Mendoza); Leandro Zdero (Chaco); S\u00e1enz; Marcelo Orrego (San Juan), Figueroa, Weretilneck y Torres. #AgenciaNA<\/p>\n","protected":false},"excerpt":{"rendered":"<p>Mientras se define el apoyo para esa ley, las provincias reclaman por la emergencia \u00edgnea para asistir ante los incendios. Los gobernadores dialoguistas negociaban con el ministro del Interior, Diego Santilli, el apoyo a la reforma laboral que el Poder Ejecutivo pretende sancionar durante las sesiones extraordinarias de febrero, en medio del reclamo de numerosas [&hellip;]<\/p>\n","protected":false},"author":2,"featured_media":106265,"comment_status":"open","ping_status":"open","sticky":false,"template":"","format":"standard","meta":{"tdm_status":"","tdm_grid_status":"","_joinchat":[],"footnotes":""},"categories":[59],"tags":[],"class_list":{"0":"post-106264","1":"post","2":"type-post","3":"status-publish","4":"format-standard","5":"has-post-thumbnail","7":"category-politica"},"amp_enabled":true,"_links":{"self":[{"href":"https:\/\/www.todoeldia.com\/index.php\/wp-json\/wp\/v2\/posts\/106264","targetHints":{"allow":["GET"]}}],"collection":[{"href":"https:\/\/www.todoeldia.com\/index.php\/wp-json\/wp\/v2\/posts"}],"about":[{"href":"https:\/\/www.todoeldia.com\/index.php\/wp-json\/wp\/v2\/types\/post"}],"author":[{"embeddable":true,"href":"https:\/\/www.todoeldia.com\/index.php\/wp-json\/wp\/v2\/users\/2"}],"replies":[{"embeddable":true,"href":"https:\/\/www.todoeldia.com\/index.php\/wp-json\/wp\/v2\/comments?post=106264"}],"version-history":[{"count":1,"href":"https:\/\/www.todoeldia.com\/index.php\/wp-json\/wp\/v2\/posts\/106264\/revisions"}],"predecessor-version":[{"id":106267,"href":"https:\/\/www.todoeldia.com\/index.php\/wp-json\/wp\/v2\/posts\/106264\/revisions\/106267"}],"wp:featuredmedia":[{"embeddable":true,"href":"https:\/\/www.todoeldia.com\/index.php\/wp-json\/wp\/v2\/media\/106265"}],"wp:attachment":[{"href":"https:\/\/www.todoeldia.com\/index.php\/wp-json\/wp\/v2\/media?parent=106264"}],"wp:term":[{"taxonomy":"category","embeddable":true,"href":"https:\/\/www.todoeldia.com\/index.php\/wp-json\/wp\/v2\/categories?post=106264"},{"taxonomy":"post_tag","embeddable":true,"href":"https:\/\/www.todoeldia.com\/index.php\/wp-json\/wp\/v2\/tags?post=106264"}],"curies":[{"name":"wp","href":"https:\/\/api.w.org\/{rel}","templated":true}]}}