{"id":106275,"date":"2026-01-30T14:48:20","date_gmt":"2026-01-30T17:48:20","guid":{"rendered":"https:\/\/www.todoeldia.com\/?p=106275"},"modified":"2026-01-30T14:48:21","modified_gmt":"2026-01-30T17:48:21","slug":"un-detenido-en-tartagal-por-dispararle-con-una-pistola-a-dos-hombres-que-estan-internados","status":"publish","type":"post","link":"https:\/\/www.todoeldia.com\/index.php\/2026\/01\/30\/un-detenido-en-tartagal-por-dispararle-con-una-pistola-a-dos-hombres-que-estan-internados\/","title":{"rendered":"Un detenido en Tartagal por dispararle con una pistola a dos hombres que est\u00e1n internados"},"content":{"rendered":"\n<p>La justicia investiga las circunstancias en las que dos personas resultaron lesionadas con un arma de fuego en un hecho ocurrido durante la madrugada del jueves 29, en la ciudad de Tartagal.<\/p>\n\n\n\n<p>La Fiscal\u00eda dio intervenci\u00f3n al grupo investigativo de la&nbsp;Unidad de Investigaci\u00f3n GAP Tartagal,&nbsp;tras tomar conocimiento del ingreso de dos hombres al Hospital Juan Domingo Per\u00f3n, quienes presentaban lesiones compatibles con heridas de arma de fuego, motivo por el cual se dispuso la inmediata activaci\u00f3n de las actuaciones de rigor.<\/p>\n\n\n\n<p>En el marco de las primeras diligencias, los damnificados fueron examinados por el m\u00e9dico legal, quien diagnostic\u00f3 en uno de ellos herida de arma de fuego con orificio de entrada en la ingle izquierda y orificio de salida en la regi\u00f3n del gl\u00fateo izquierdo, mientras que en el otro constat\u00f3 herida de arma de fuego con orificio de entrada en la zona lumbar, sin orificio de salida, con proyectil alojado en la columna vertebral.<\/p>\n\n\n\n<figure class=\"wp-block-image size-full is-resized\"><img loading=\"lazy\" decoding=\"async\" width=\"768\" height=\"511\" src=\"https:\/\/www.todoeldia.com\/wp-content\/uploads\/2021\/09\/hospital-de-tartagal.jpg\" alt=\"\" class=\"wp-image-27066\" style=\"width:1068px;height:auto\" srcset=\"https:\/\/www.todoeldia.com\/wp-content\/uploads\/2021\/09\/hospital-de-tartagal.jpg 768w, https:\/\/www.todoeldia.com\/wp-content\/uploads\/2021\/09\/hospital-de-tartagal-300x200.jpg 300w, https:\/\/www.todoeldia.com\/wp-content\/uploads\/2021\/09\/hospital-de-tartagal-696x463.jpg 696w, https:\/\/www.todoeldia.com\/wp-content\/uploads\/2021\/09\/hospital-de-tartagal-631x420.jpg 631w\" sizes=\"auto, (max-width: 768px) 100vw, 768px\" \/><\/figure>\n\n\n\n<p>Asimismo, personal de Criminal\u00edstica llev\u00f3 adelante tareas t\u00e9cnicas en el lugar del hecho, procediendo al levantamiento de una vaina servida, y se realizaron entrevistas a vecinos del sector. De igual modo, se efectu\u00f3 el relevamiento de c\u00e1maras del sistema S.E. 911 y privadas, conforme a protocolo.<\/p>\n\n\n\n<p>En el marco de la investigaci\u00f3n, un sospechoso fue demorado y permanece detenido, y ser\u00e1 imputado en las pr\u00f3ximas horas, mientras contin\u00faan las diligencias tendientes a esclarecer lo sucedido y determinar las responsabilidades penales correspondientes.<\/p>\n","protected":false},"excerpt":{"rendered":"<p>La justicia investiga las circunstancias en las que dos personas resultaron lesionadas con un arma de fuego en un hecho ocurrido durante la madrugada del jueves 29, en la ciudad de Tartagal. La Fiscal\u00eda dio intervenci\u00f3n al grupo investigativo de la&nbsp;Unidad de Investigaci\u00f3n GAP Tartagal,&nbsp;tras tomar conocimiento del ingreso de dos hombres al Hospital Juan [&hellip;]<\/p>\n","protected":false},"author":2,"featured_media":47119,"comment_status":"open","ping_status":"open","sticky":false,"template":"","format":"standard","meta":{"tdm_status":"","tdm_grid_status":"","_joinchat":[],"footnotes":""},"categories":[73],"tags":[],"class_list":{"0":"post-106275","1":"post","2":"type-post","3":"status-publish","4":"format-standard","5":"has-post-thumbnail","7":"category-noticias-general"},"amp_enabled":true,"_links":{"self":[{"href":"https:\/\/www.todoeldia.com\/index.php\/wp-json\/wp\/v2\/posts\/106275","targetHints":{"allow":["GET"]}}],"collection":[{"href":"https:\/\/www.todoeldia.com\/index.php\/wp-json\/wp\/v2\/posts"}],"about":[{"href":"https:\/\/www.todoeldia.com\/index.php\/wp-json\/wp\/v2\/types\/post"}],"author":[{"embeddable":true,"href":"https:\/\/www.todoeldia.com\/index.php\/wp-json\/wp\/v2\/users\/2"}],"replies":[{"embeddable":true,"href":"https:\/\/www.todoeldia.com\/index.php\/wp-json\/wp\/v2\/comments?post=106275"}],"version-history":[{"count":1,"href":"https:\/\/www.todoeldia.com\/index.php\/wp-json\/wp\/v2\/posts\/106275\/revisions"}],"predecessor-version":[{"id":106276,"href":"https:\/\/www.todoeldia.com\/index.php\/wp-json\/wp\/v2\/posts\/106275\/revisions\/106276"}],"wp:featuredmedia":[{"embeddable":true,"href":"https:\/\/www.todoeldia.com\/index.php\/wp-json\/wp\/v2\/media\/47119"}],"wp:attachment":[{"href":"https:\/\/www.todoeldia.com\/index.php\/wp-json\/wp\/v2\/media?parent=106275"}],"wp:term":[{"taxonomy":"category","embeddable":true,"href":"https:\/\/www.todoeldia.com\/index.php\/wp-json\/wp\/v2\/categories?post=106275"},{"taxonomy":"post_tag","embeddable":true,"href":"https:\/\/www.todoeldia.com\/index.php\/wp-json\/wp\/v2\/tags?post=106275"}],"curies":[{"name":"wp","href":"https:\/\/api.w.org\/{rel}","templated":true}]}}