{"id":10671,"date":"2020-11-08T19:54:39","date_gmt":"2020-11-08T22:54:39","guid":{"rendered":"https:\/\/www.todoeldia.com\/?p=10671"},"modified":"2020-11-08T19:54:40","modified_gmt":"2020-11-08T22:54:40","slug":"mala-noticia-para-river-borre-tiene-coronavirus-y-su-participacion-en-la-copa-libertadores-esta-en-duda","status":"publish","type":"post","link":"https:\/\/www.todoeldia.com\/index.php\/2020\/11\/08\/mala-noticia-para-river-borre-tiene-coronavirus-y-su-participacion-en-la-copa-libertadores-esta-en-duda\/","title":{"rendered":"Mala noticia para River: Borr\u00e9 tiene coronavirus y su participaci\u00f3n en la Copa Libertadores est\u00e1 en duda"},"content":{"rendered":"\n<p>El futbolista hab\u00eda sido aislado luego de tomar contacto con un caso positivo. Este domingo, se confirm\u00f3 el diagn\u00f3stico y llegar\u00eda con lo justo al partido de ida ante Atl\u00e9tico Paranaense<\/p>\n\n\n\n<p>No todas son buenas para&nbsp;River&nbsp;en este fin de semana. A pesar de que el s\u00e1bado por la noche<a href=\"https:\/\/www.infobae.com\/deportes-2\/2020\/11\/07\/river-intentara-recuperarse-en-la-copa-de-la-liga-profesional-ante-rosario-central-hora-tv-y-formaciones\/\" target=\"_blank\" rel=\"noreferrer noopener\">&nbsp;el equipo venci\u00f3 a Rosario Central y sum\u00f3 su primera victoria en la Copa de la Liga Profesional<\/a>, el entrenador&nbsp;Marcelo Gallardo&nbsp;recibi\u00f3 posteriormente una mala noticia al confirmarse que&nbsp;Rafael Santos Borr\u00e9 tiene coronavirus&nbsp;y se perder\u00e1 los pr\u00f3ximos encuentros.<\/p>\n\n\n\n<p>El delantero colombiano&nbsp;hab\u00eda sido aislado el pasado viernes de manera preventiva&nbsp;debido a que hab\u00eda estado en contacto con una persona que posteriormente dio positivo de COVID-19. Esa fue la raz\u00f3n por la que no fue parte de la lista de convocados para el duelo de ayer por la noche en el estadio de Independiente ante el conjunto canalla.<\/p>\n\n\n\n<p>Este domingo, Borr\u00e9 fue testeado y se confirm\u00f3 que tiene coronavirus. A trav\u00e9s de un parte m\u00e9dico publicado en las redes sociales, el club inform\u00f3 que\u00a0el futbolista est\u00e1 asintom\u00e1tico y que quedar\u00e1 aislado hasta su total recuperaci\u00f3n.<\/p>\n\n\n\n<figure class=\"wp-block-image is-resized\"><img loading=\"lazy\" decoding=\"async\" src=\"https:\/\/www.infobae.com\/new-resizer\/4ZGaSRR3O0bUsSTmFD2NtUrtzF0=\/420x236\/filters:format(jpg):quality(85)\/\/cloudfront-us-east-1.images.arcpublishing.com\/infobae\/G4C45OI3SBEHJIIN2Z5F6KJEVA.jpg\" alt=\"El entrenador de River Plate, Marcelo Gallardo, sufrir\u00e1 la baja del colombiano en una serie de partidos (EFE\/Fernando Bizerra\/Archivo)\n\" width=\"1067\" height=\"632\"\/><\/figure>\n\n\n\n<p>Es casi seguro que el delantero -pieza fundamental del equipo de Gallardo- se perder\u00e1 los duelos ante Godoy Cruz y Banfield por la Copa de la Liga Profesional. La gran duda es si llegar\u00e1 al encuentro de ida ante Atl\u00e9tico Paranaense por la ida de los octavos de final de la Copa Libertadores. Ese partido est\u00e1 programado para el pr\u00f3ximo martes 24 de noviembre, en Brasil.<\/p>\n\n\n\n<p>El colombiano tampoco podr\u00e1 ser llamado para su selecci\u00f3n, que se prepara para enfrentar a Uruguay y a Ecuador en la continuidad de las Eliminatorias Sudamericanas camino hacia el Mundial de Qatar 2022.<\/p>\n\n\n\n<p>El s\u00e1bado, Borr\u00e9 fue reemplazado por Lucas Pratto en la delantera del Millonario. El Oso fue el autor de uno de los goles en el triunfo por 2-1 del elenco de N\u00fa\u00f1ez ante el Canalla (el restante lo hizo Nicol\u00e1s de la Cruz y descont\u00f3 Emiliano Vecchio, de penal). El Grupo C de la Copa de la Liga Profesional lo lidera Banfield, con seis puntos, seguido por Rosario Central y River, ambos con tres unidades. Cierra las posiciones Godoy Cruz, que a\u00fan no ha sumado.<\/p>\n","protected":false},"excerpt":{"rendered":"<p>El futbolista hab\u00eda sido aislado luego de tomar contacto con un caso positivo. Este domingo, se confirm\u00f3 el diagn\u00f3stico y llegar\u00eda con lo justo al partido de ida ante Atl\u00e9tico Paranaense No todas son buenas para&nbsp;River&nbsp;en este fin de semana. A pesar de que el s\u00e1bado por la noche&nbsp;el equipo venci\u00f3 a Rosario Central y [&hellip;]<\/p>\n","protected":false},"author":2,"featured_media":10672,"comment_status":"open","ping_status":"open","sticky":false,"template":"","format":"standard","meta":{"tdm_status":"","tdm_grid_status":"","_joinchat":[],"footnotes":""},"categories":[62],"tags":[],"class_list":{"0":"post-10671","1":"post","2":"type-post","3":"status-publish","4":"format-standard","5":"has-post-thumbnail","7":"category-deportes"},"amp_enabled":true,"_links":{"self":[{"href":"https:\/\/www.todoeldia.com\/index.php\/wp-json\/wp\/v2\/posts\/10671","targetHints":{"allow":["GET"]}}],"collection":[{"href":"https:\/\/www.todoeldia.com\/index.php\/wp-json\/wp\/v2\/posts"}],"about":[{"href":"https:\/\/www.todoeldia.com\/index.php\/wp-json\/wp\/v2\/types\/post"}],"author":[{"embeddable":true,"href":"https:\/\/www.todoeldia.com\/index.php\/wp-json\/wp\/v2\/users\/2"}],"replies":[{"embeddable":true,"href":"https:\/\/www.todoeldia.com\/index.php\/wp-json\/wp\/v2\/comments?post=10671"}],"version-history":[{"count":1,"href":"https:\/\/www.todoeldia.com\/index.php\/wp-json\/wp\/v2\/posts\/10671\/revisions"}],"predecessor-version":[{"id":10673,"href":"https:\/\/www.todoeldia.com\/index.php\/wp-json\/wp\/v2\/posts\/10671\/revisions\/10673"}],"wp:featuredmedia":[{"embeddable":true,"href":"https:\/\/www.todoeldia.com\/index.php\/wp-json\/wp\/v2\/media\/10672"}],"wp:attachment":[{"href":"https:\/\/www.todoeldia.com\/index.php\/wp-json\/wp\/v2\/media?parent=10671"}],"wp:term":[{"taxonomy":"category","embeddable":true,"href":"https:\/\/www.todoeldia.com\/index.php\/wp-json\/wp\/v2\/categories?post=10671"},{"taxonomy":"post_tag","embeddable":true,"href":"https:\/\/www.todoeldia.com\/index.php\/wp-json\/wp\/v2\/tags?post=10671"}],"curies":[{"name":"wp","href":"https:\/\/api.w.org\/{rel}","templated":true}]}}