{"id":10686,"date":"2020-11-08T22:10:23","date_gmt":"2020-11-09T01:10:23","guid":{"rendered":"https:\/\/www.todoeldia.com\/?p=10686"},"modified":"2020-11-08T22:10:24","modified_gmt":"2020-11-09T01:10:24","slug":"coronavirus-en-salta-se-confirman-36-nuevos-casos-y-30-muertos","status":"publish","type":"post","link":"https:\/\/www.todoeldia.com\/index.php\/2020\/11\/08\/coronavirus-en-salta-se-confirman-36-nuevos-casos-y-30-muertos\/","title":{"rendered":"Coronavirus en Salta se confirman 36 nuevos casos y 30 muertos"},"content":{"rendered":"\n<p>Un brusco descenso de casos de coronavirus se registr\u00f3 en Salta con una cifra tan baja que nos retrotrae a agosto, sin embargo, crece el n\u00famero de personas fallecidas.<\/p>\n\n\n\n<p>Seg\u00fan viene aclarando el gobierno desde hace unos d\u00edas, es que los fallecimientos que se registran no son precisamente de las \u00faltimas 24 horas, sino que se est\u00e1 actualizando informaci\u00f3n con decesos que no hab\u00edan sido registrados anteriormente.<\/p>\n\n\n\n<p>Con los nuevos datos oficiales el total de contagios es de 19.358, de los cuales recibieron el alta 16.747 pacientes. El total de decesos es de 886.<\/p>\n\n\n\n<p>El Ministerio de Salud de la provincia confirm\u00f3 solo 36 contagios, de los cuales 10 se registraron en el departamento Capital, 8 en Or\u00e1n, 7 en Met\u00e1n, 4 en Rosario de Lerma, 2 en Anta, 2 en Cerrillos, 1 La Vi\u00f1a, 1 en Chicoana y 1 en G\u00fcemes.<\/p>\n\n\n\n<p>Desde el inicio de la pandemia, en la Provincia suman 19.358 los casos confirmados, de los cuales ya se han recuperado 16.747 lo que representa el 87%. Hay 146 pacientes internados en unidades de terapia intensiva,&nbsp;61 con asistencia respiratoria mec\u00e1nica.<\/p>\n\n\n\n<p>A la fecha, los&nbsp;decesos&nbsp;suman&nbsp;886.<\/p>\n","protected":false},"excerpt":{"rendered":"<p>Un brusco descenso de casos de coronavirus se registr\u00f3 en Salta con una cifra tan baja que nos retrotrae a agosto, sin embargo, crece el n\u00famero de personas fallecidas. Seg\u00fan viene aclarando el gobierno desde hace unos d\u00edas, es que los fallecimientos que se registran no son precisamente de las \u00faltimas 24 horas, sino que [&hellip;]<\/p>\n","protected":false},"author":2,"featured_media":10687,"comment_status":"open","ping_status":"open","sticky":false,"template":"","format":"standard","meta":{"tdm_status":"","tdm_grid_status":"","_joinchat":[],"footnotes":""},"categories":[65],"tags":[],"class_list":{"0":"post-10686","1":"post","2":"type-post","3":"status-publish","4":"format-standard","5":"has-post-thumbnail","7":"category-coronavirus"},"amp_enabled":true,"_links":{"self":[{"href":"https:\/\/www.todoeldia.com\/index.php\/wp-json\/wp\/v2\/posts\/10686","targetHints":{"allow":["GET"]}}],"collection":[{"href":"https:\/\/www.todoeldia.com\/index.php\/wp-json\/wp\/v2\/posts"}],"about":[{"href":"https:\/\/www.todoeldia.com\/index.php\/wp-json\/wp\/v2\/types\/post"}],"author":[{"embeddable":true,"href":"https:\/\/www.todoeldia.com\/index.php\/wp-json\/wp\/v2\/users\/2"}],"replies":[{"embeddable":true,"href":"https:\/\/www.todoeldia.com\/index.php\/wp-json\/wp\/v2\/comments?post=10686"}],"version-history":[{"count":1,"href":"https:\/\/www.todoeldia.com\/index.php\/wp-json\/wp\/v2\/posts\/10686\/revisions"}],"predecessor-version":[{"id":10688,"href":"https:\/\/www.todoeldia.com\/index.php\/wp-json\/wp\/v2\/posts\/10686\/revisions\/10688"}],"wp:featuredmedia":[{"embeddable":true,"href":"https:\/\/www.todoeldia.com\/index.php\/wp-json\/wp\/v2\/media\/10687"}],"wp:attachment":[{"href":"https:\/\/www.todoeldia.com\/index.php\/wp-json\/wp\/v2\/media?parent=10686"}],"wp:term":[{"taxonomy":"category","embeddable":true,"href":"https:\/\/www.todoeldia.com\/index.php\/wp-json\/wp\/v2\/categories?post=10686"},{"taxonomy":"post_tag","embeddable":true,"href":"https:\/\/www.todoeldia.com\/index.php\/wp-json\/wp\/v2\/tags?post=10686"}],"curies":[{"name":"wp","href":"https:\/\/api.w.org\/{rel}","templated":true}]}}