{"id":10711,"date":"2020-11-09T10:21:35","date_gmt":"2020-11-09T13:21:35","guid":{"rendered":"https:\/\/www.todoeldia.com\/?p=10711"},"modified":"2020-11-09T10:21:36","modified_gmt":"2020-11-09T13:21:36","slug":"ahora-salio-esteban-informando-que-manana-probaran-la-maquina-donada-al-hospital-de-oran","status":"publish","type":"post","link":"https:\/\/www.todoeldia.com\/index.php\/2020\/11\/09\/ahora-salio-esteban-informando-que-manana-probaran-la-maquina-donada-al-hospital-de-oran\/","title":{"rendered":"Ahora sali\u00f3 Esteban informando que ma\u00f1ana probaran la maquina donada al hospital de Or\u00e1n"},"content":{"rendered":"\n<p>&#8220;Ma\u00f1ana martes llegar\u00e1n los t\u00e9cnicos y m\u00e9dicos para probar los Kit en la m\u00e1quina donada por el Sr. Pinola. Si bien los Kit pertenecen a la m\u00e1quina de \u00faltima generaci\u00f3n que est\u00e1 instalada en Salta y creemos que no tendr\u00edan problemas con la m\u00e1quina de Or\u00e1n que es un modelo m\u00e1s viejo&#8221;, se\u00f1al\u00f3 el Ministro de Salud de la Provincia Juan Esteban.<\/p>\n\n\n\n<p>Adem\u00e1s, agreg\u00f3 que ma\u00f1ana llegar\u00e1n los t\u00e9cnicos para la prueba de la m\u00e1quina de af\u00e9resis donada: \u201cPinola emplaz\u00f3 un tiempo y nosotros estamos trabajando para ponerla en funcionamiento\u201d declar\u00f3 el ministro.<\/p>\n\n\n\n<p>Tambi\u00e9n hizo referencia al operativo Detectar Plus, que diagnostica infectados con covid-19 y con enfermedades transmitidas por el mosquito Aedes aegypti: dengue, zika y chikungunyia, el cual se implementar\u00e1 pr\u00f3ximamente en la provincia.<\/p>\n\n\n\n<p>\u201cAcompa\u00f1amos la nueva fase de distanciamiento social, con el mismo trabajo de log\u00edstica y respetando los protocolos\u201d expres\u00f3 Esteban y agreg\u00f3 que hoy la provincia se encuentra con bajo porcentaje de camas ocupadas y decesos.<\/p>\n","protected":false},"excerpt":{"rendered":"<p>&#8220;Ma\u00f1ana martes llegar\u00e1n los t\u00e9cnicos y m\u00e9dicos para probar los Kit en la m\u00e1quina donada por el Sr. Pinola. Si bien los Kit pertenecen a la m\u00e1quina de \u00faltima generaci\u00f3n que est\u00e1 instalada en Salta y creemos que no tendr\u00edan problemas con la m\u00e1quina de Or\u00e1n que es un modelo m\u00e1s viejo&#8221;, se\u00f1al\u00f3 el Ministro [&hellip;]<\/p>\n","protected":false},"author":2,"featured_media":10712,"comment_status":"open","ping_status":"open","sticky":false,"template":"","format":"standard","meta":{"tdm_status":"","tdm_grid_status":"","_joinchat":[],"footnotes":""},"categories":[69],"tags":[],"class_list":{"0":"post-10711","1":"post","2":"type-post","3":"status-publish","4":"format-standard","5":"has-post-thumbnail","7":"category-salta"},"amp_enabled":true,"_links":{"self":[{"href":"https:\/\/www.todoeldia.com\/index.php\/wp-json\/wp\/v2\/posts\/10711","targetHints":{"allow":["GET"]}}],"collection":[{"href":"https:\/\/www.todoeldia.com\/index.php\/wp-json\/wp\/v2\/posts"}],"about":[{"href":"https:\/\/www.todoeldia.com\/index.php\/wp-json\/wp\/v2\/types\/post"}],"author":[{"embeddable":true,"href":"https:\/\/www.todoeldia.com\/index.php\/wp-json\/wp\/v2\/users\/2"}],"replies":[{"embeddable":true,"href":"https:\/\/www.todoeldia.com\/index.php\/wp-json\/wp\/v2\/comments?post=10711"}],"version-history":[{"count":1,"href":"https:\/\/www.todoeldia.com\/index.php\/wp-json\/wp\/v2\/posts\/10711\/revisions"}],"predecessor-version":[{"id":10713,"href":"https:\/\/www.todoeldia.com\/index.php\/wp-json\/wp\/v2\/posts\/10711\/revisions\/10713"}],"wp:featuredmedia":[{"embeddable":true,"href":"https:\/\/www.todoeldia.com\/index.php\/wp-json\/wp\/v2\/media\/10712"}],"wp:attachment":[{"href":"https:\/\/www.todoeldia.com\/index.php\/wp-json\/wp\/v2\/media?parent=10711"}],"wp:term":[{"taxonomy":"category","embeddable":true,"href":"https:\/\/www.todoeldia.com\/index.php\/wp-json\/wp\/v2\/categories?post=10711"},{"taxonomy":"post_tag","embeddable":true,"href":"https:\/\/www.todoeldia.com\/index.php\/wp-json\/wp\/v2\/tags?post=10711"}],"curies":[{"name":"wp","href":"https:\/\/api.w.org\/{rel}","templated":true}]}}