{"id":10762,"date":"2020-11-09T19:13:38","date_gmt":"2020-11-09T22:13:38","guid":{"rendered":"https:\/\/www.todoeldia.com\/?p=10762"},"modified":"2020-11-09T19:43:31","modified_gmt":"2020-11-09T22:43:31","slug":"homicidio-del-turista-frances-en-el-juicio-se-escucho-por-via-remota-la-declaracion-de-los-padres-y-la-hermana-de-la-victima","status":"publish","type":"post","link":"https:\/\/www.todoeldia.com\/index.php\/2020\/11\/09\/homicidio-del-turista-frances-en-el-juicio-se-escucho-por-via-remota-la-declaracion-de-los-padres-y-la-hermana-de-la-victima\/","title":{"rendered":"Homicidio del turista franc\u00e9s: en el juicio se escuch\u00f3 por v\u00eda remota la declaraci\u00f3n de los padres y la hermana de la v\u00edctima"},"content":{"rendered":"\n<p>En el Sal\u00f3n de Grandes Juicios comenz\u00f3 hoy el juicio seguido contra los hermanos Juan y Froil\u00e1n Cuevas por homicidio simple en perjuicio del ciudadano franc\u00e9s Mathieu Pierre Martin.<\/p>\n\n\n\n<p>Durante la primera jornada de la audiencia de debate los imputados se abstuvieron de declarar. Su defensa anticip\u00f3 que lo har\u00e1n en el transcurso del proceso. Juan Cuevas estuvo presente en la sala mientras que Froil\u00e1n particip\u00f3 v\u00eda remota, a trav\u00e9s de comunicaci\u00f3n por Skype, desde el anexo de la Alcaid\u00eda en Cerrillos.<\/p>\n\n\n\n<p>Tras la lectura de la requisitoria fiscal de elevaci\u00f3n a juicio, la defensa de los imputados, ejercida por Pablo Tob\u00edo, en las cuestiones preliminares plante\u00f3 la nulidad de tres pruebas testimoniales incorporadas en el expediente de la causa.<\/p>\n\n\n\n<p>Seguidamente, se iniciaron las declaraciones de testigos v\u00eda remota, desde Jujuy. Brindaron su testimonio vecinos y conocidos de la familia Cuevas y efectivos policiales que participaron de la etapa investigativa y de los operativos de b\u00fasqueda realizados en 2018 y 2019.<\/p>\n\n\n\n<p>Durante la tarde, desde Francia mediante v\u00edas remotas, prestaron testimonial los padres de Mathieu Pierre Martin. Ellos refirieron que su hijo se iba para Brasil, donde se iban a encontrar con \u00e9l, pero no llegaron nunca a ese pa\u00eds ante la desaparici\u00f3n de Mathieu. Dijeron que \u00e9l trabajaba para financiar sus viajes, lo describieron como una persona muy amable y dulce.<\/p>\n\n\n\n<figure class=\"wp-block-image size-large\"><img loading=\"lazy\" decoding=\"async\" width=\"1024\" height=\"576\" src=\"https:\/\/www.todoeldia.com\/wp-content\/uploads\/2020\/11\/turista-frances-1.jpg\" alt=\"\" class=\"wp-image-10764\" srcset=\"https:\/\/www.todoeldia.com\/wp-content\/uploads\/2020\/11\/turista-frances-1.jpg 1024w, https:\/\/www.todoeldia.com\/wp-content\/uploads\/2020\/11\/turista-frances-1-300x169.jpg 300w, https:\/\/www.todoeldia.com\/wp-content\/uploads\/2020\/11\/turista-frances-1-768x432.jpg 768w, https:\/\/www.todoeldia.com\/wp-content\/uploads\/2020\/11\/turista-frances-1-696x392.jpg 696w, https:\/\/www.todoeldia.com\/wp-content\/uploads\/2020\/11\/turista-frances-1-747x420.jpg 747w\" sizes=\"auto, (max-width: 1024px) 100vw, 1024px\" \/><\/figure>\n\n\n\n<p>Agregaron que el \u00faltimo movimiento que registr\u00f3 la cuenta bancaria de su hijo fue en buenos aires, el 29 de julio de 2018. Dijeron que se contactaban con \u00e9l cada 15 o 20 d\u00edas, y que la \u00faltima comunicaci\u00f3n que tuvieron fue el 8 de agosto de ese a\u00f1o. Durante esa \u00faltima comunicaci\u00f3n Mathieu no refiri\u00f3 tener ning\u00fan problema f\u00edsico ni de salud, \u00e9l se encontraba en buena forma.<\/p>\n\n\n\n<p>A preguntas de las partes, declararon que para ubicarse durante sus viajes consultaba mucho en Internet los mapas de los lugares que visitaba, y agregaron que ten\u00eda un reloj br\u00fajula.&nbsp;<\/p>\n\n\n\n<p>Por el mismo medio prest\u00f3 declaraci\u00f3n testimonial la hermana de la v\u00edctima, quien entre otras cosas sum\u00f3 informaci\u00f3n sobre el perfil de facebook de Mathieu.<\/p>\n\n\n\n<p>Luego de estas declaraciones, el Tribunal orden\u00f3 pasar a un cuarto intermedio. El juicio reanudar\u00e1 ma\u00f1ana a las 8.<\/p>\n\n\n\n<p>Las instancias del juicio pueden seguirse de manera remota por el canal de Youtube del Poder Judicial.<\/p>\n\n\n\n<p>La audiencia colegiada se extender\u00e1 hasta el 24 de noviembre. El tribunal est\u00e1 integrado por el juez Guillermo Pereyra (presidente), M\u00f3nica Mukdsi y Jos\u00e9 Luis Riera (vocales).<\/p>\n\n\n\n<p>En representaci\u00f3n del Ministerio P\u00fablico intervienen los fiscales Ramiro Ramos Ossorio y Pablo Rivero. En la querella se desempe\u00f1a Mat\u00edas Sebasti\u00e1n Adet Figueroa.<\/p>\n\n\n\n<p>Mathieu Pierre Martin, turista franc\u00e9s de 32 a\u00f1os, desapareci\u00f3 en agosto de 2018, cuando recorr\u00eda el norte argentino como mochilero. Sus familiares alertaron sobre esta situaci\u00f3n y se orden\u00f3 un operativo de b\u00fasqueda, tanto en Jujuy como en Salta. El joven se contact\u00f3 por \u00faltima vez desde la localidad de Tilcara e inform\u00f3 a su familia que su pr\u00f3ximo destino era Iruya.<\/p>\n\n\n\n<p>Los hermanos Cuevas est\u00e1n detenidos desde diciembre de 2018, imputados por el delito de homicidio simple. Ambos resid\u00edan en el paraje Huacaloma, departamento de Iruya. El cuerpo del turista franc\u00e9s nunca apareci\u00f3.<\/p>\n","protected":false},"excerpt":{"rendered":"<p>En el Sal\u00f3n de Grandes Juicios comenz\u00f3 hoy el juicio seguido contra los hermanos Juan y Froil\u00e1n Cuevas por homicidio simple en perjuicio del ciudadano franc\u00e9s Mathieu Pierre Martin. Durante la primera jornada de la audiencia de debate los imputados se abstuvieron de declarar. Su defensa anticip\u00f3 que lo har\u00e1n en el transcurso del proceso. [&hellip;]<\/p>\n","protected":false},"author":2,"featured_media":10775,"comment_status":"open","ping_status":"open","sticky":false,"template":"","format":"standard","meta":{"tdm_status":"","tdm_grid_status":"","_joinchat":[],"footnotes":""},"categories":[69],"tags":[],"class_list":{"0":"post-10762","1":"post","2":"type-post","3":"status-publish","4":"format-standard","5":"has-post-thumbnail","7":"category-salta"},"amp_enabled":true,"_links":{"self":[{"href":"https:\/\/www.todoeldia.com\/index.php\/wp-json\/wp\/v2\/posts\/10762","targetHints":{"allow":["GET"]}}],"collection":[{"href":"https:\/\/www.todoeldia.com\/index.php\/wp-json\/wp\/v2\/posts"}],"about":[{"href":"https:\/\/www.todoeldia.com\/index.php\/wp-json\/wp\/v2\/types\/post"}],"author":[{"embeddable":true,"href":"https:\/\/www.todoeldia.com\/index.php\/wp-json\/wp\/v2\/users\/2"}],"replies":[{"embeddable":true,"href":"https:\/\/www.todoeldia.com\/index.php\/wp-json\/wp\/v2\/comments?post=10762"}],"version-history":[{"count":1,"href":"https:\/\/www.todoeldia.com\/index.php\/wp-json\/wp\/v2\/posts\/10762\/revisions"}],"predecessor-version":[{"id":10765,"href":"https:\/\/www.todoeldia.com\/index.php\/wp-json\/wp\/v2\/posts\/10762\/revisions\/10765"}],"wp:featuredmedia":[{"embeddable":true,"href":"https:\/\/www.todoeldia.com\/index.php\/wp-json\/wp\/v2\/media\/10775"}],"wp:attachment":[{"href":"https:\/\/www.todoeldia.com\/index.php\/wp-json\/wp\/v2\/media?parent=10762"}],"wp:term":[{"taxonomy":"category","embeddable":true,"href":"https:\/\/www.todoeldia.com\/index.php\/wp-json\/wp\/v2\/categories?post=10762"},{"taxonomy":"post_tag","embeddable":true,"href":"https:\/\/www.todoeldia.com\/index.php\/wp-json\/wp\/v2\/tags?post=10762"}],"curies":[{"name":"wp","href":"https:\/\/api.w.org\/{rel}","templated":true}]}}