{"id":10766,"date":"2020-11-09T19:16:33","date_gmt":"2020-11-09T22:16:33","guid":{"rendered":"https:\/\/www.todoeldia.com\/?p=10766"},"modified":"2020-11-09T19:16:34","modified_gmt":"2020-11-09T22:16:34","slug":"tres-jovenes-son-juzgados-por-abuso-sexual-con-acceso-carnal-agravado-y-hurto-simple","status":"publish","type":"post","link":"https:\/\/www.todoeldia.com\/index.php\/2020\/11\/09\/tres-jovenes-son-juzgados-por-abuso-sexual-con-acceso-carnal-agravado-y-hurto-simple\/","title":{"rendered":"Tres j\u00f3venes son juzgados por abuso sexual con acceso carnal agravado y hurto simple"},"content":{"rendered":"\n<p>Tres hombres acusados de abusar de una joven en abril de 2018, la zona sur de la ciudad, est\u00e1n siendo juzgados desde hoy en la Sala V del Tribunal de Juicio.<br><br>Agust\u00edn Balmaceda, Ra\u00fal Gonzalo Molina y M. S. M. (menor de edad al momento del hecho) llegaron a juicio imputados por los delitos de abuso sexual con acceso carnal agravado por haber sido cometido por dos o m\u00e1s personas, en concurso real con hurto simple. &nbsp;<br><br>El juicio con tribunal colegiado est\u00e1 a cargo de la jueza&nbsp;M\u00f3nica Faber&nbsp;(presidenta),&nbsp;Gabriela Romero Nayar&nbsp;y&nbsp;Marcelo Rubio&nbsp;(vocales).<br><br>El hecho por el cual son juzgados los tres imputados ocurri\u00f3 el 25 de abril de 2018. La damnificada, una joven de 18 a\u00f1os, refiri\u00f3 que ese d\u00eda a la madrugada sal\u00eda de una fiesta en zona sur cuando fue interceptada y obligada a subir a un auto. All\u00ed, unos sujetos la golpearon y ahorcaron hasta dejarla inconsciente. Luego la llevaron a un descampado ubicado cerca de barrio Santa Ana, donde se despert\u00f3 horas m\u00e1s tarde con signos de haber sido abusada sexualmente.<\/p>\n","protected":false},"excerpt":{"rendered":"<p>Tres hombres acusados de abusar de una joven en abril de 2018, la zona sur de la ciudad, est\u00e1n siendo juzgados desde hoy en la Sala V del Tribunal de Juicio. Agust\u00edn Balmaceda, Ra\u00fal Gonzalo Molina y M. S. M. (menor de edad al momento del hecho) llegaron a juicio imputados por los delitos de [&hellip;]<\/p>\n","protected":false},"author":2,"featured_media":10767,"comment_status":"open","ping_status":"open","sticky":false,"template":"","format":"standard","meta":{"tdm_status":"","tdm_grid_status":"","_joinchat":[],"footnotes":""},"categories":[63],"tags":[],"class_list":{"0":"post-10766","1":"post","2":"type-post","3":"status-publish","4":"format-standard","5":"has-post-thumbnail","7":"category-policiales"},"amp_enabled":true,"_links":{"self":[{"href":"https:\/\/www.todoeldia.com\/index.php\/wp-json\/wp\/v2\/posts\/10766","targetHints":{"allow":["GET"]}}],"collection":[{"href":"https:\/\/www.todoeldia.com\/index.php\/wp-json\/wp\/v2\/posts"}],"about":[{"href":"https:\/\/www.todoeldia.com\/index.php\/wp-json\/wp\/v2\/types\/post"}],"author":[{"embeddable":true,"href":"https:\/\/www.todoeldia.com\/index.php\/wp-json\/wp\/v2\/users\/2"}],"replies":[{"embeddable":true,"href":"https:\/\/www.todoeldia.com\/index.php\/wp-json\/wp\/v2\/comments?post=10766"}],"version-history":[{"count":1,"href":"https:\/\/www.todoeldia.com\/index.php\/wp-json\/wp\/v2\/posts\/10766\/revisions"}],"predecessor-version":[{"id":10768,"href":"https:\/\/www.todoeldia.com\/index.php\/wp-json\/wp\/v2\/posts\/10766\/revisions\/10768"}],"wp:featuredmedia":[{"embeddable":true,"href":"https:\/\/www.todoeldia.com\/index.php\/wp-json\/wp\/v2\/media\/10767"}],"wp:attachment":[{"href":"https:\/\/www.todoeldia.com\/index.php\/wp-json\/wp\/v2\/media?parent=10766"}],"wp:term":[{"taxonomy":"category","embeddable":true,"href":"https:\/\/www.todoeldia.com\/index.php\/wp-json\/wp\/v2\/categories?post=10766"},{"taxonomy":"post_tag","embeddable":true,"href":"https:\/\/www.todoeldia.com\/index.php\/wp-json\/wp\/v2\/tags?post=10766"}],"curies":[{"name":"wp","href":"https:\/\/api.w.org\/{rel}","templated":true}]}}