{"id":10769,"date":"2020-11-09T19:22:37","date_gmt":"2020-11-09T22:22:37","guid":{"rendered":"https:\/\/www.todoeldia.com\/?p=10769"},"modified":"2020-11-09T19:22:38","modified_gmt":"2020-11-09T22:22:38","slug":"abuelo-degenerado-ira-9-anos-preso-por-abusar-de-una-menor-con-discapacidad","status":"publish","type":"post","link":"https:\/\/www.todoeldia.com\/index.php\/2020\/11\/09\/abuelo-degenerado-ira-9-anos-preso-por-abusar-de-una-menor-con-discapacidad\/","title":{"rendered":"Abuelo degenerado ira 9 a\u00f1os preso por abusar de una menor con discapacidad"},"content":{"rendered":"\n<p>El juez&nbsp;Roberto Faustino Lezcano, vocal de la Sala IV del Tribunal de Juicio, conden\u00f3 a \u00c1ngel Monte (74) a la pena de nueve a\u00f1os de prisi\u00f3n efectiva por resultar autor material y penalmente responsable del delito de abuso sexual con acceso carnal continuado en perjuicio de una menor.<br>El juez revoc\u00f3 la prisi\u00f3n domiciliaria del acusado y orden\u00f3 su alojamiento en la Alcaid\u00eda General, para su posterior traslado a la Unidad Carcelaria 1, donde deber\u00e1 realizar tratamiento psicoterap\u00e9utico por la naturaleza de los hechos por los cuales result\u00f3 condenado.<br>En el mismo fallo, Monte fue absuelto del delito de corrupci\u00f3n de menores por el que tambi\u00e9n hab\u00eda llegado a juicio por aplicaci\u00f3n del principio de la duda.<br>El juez recomend\u00f3 finalmente que se le brinde tratamiento psicoterap\u00e9utico a la menor damnificada.<br>La denuncia contra \u00c1ngel Monte fue radicada por la asesora de Menores e Incapaces 8, en representaci\u00f3n de la v\u00edctima, a ra\u00edz de un informe de la Escuela de Educaci\u00f3n Especial 7171 \u201cJean Mermoz\u201d, del cual surg\u00eda la posible comisi\u00f3n de un delito en perjuicio de la menor, quien presenta discapacidad mental e hipoacusia bilateral.<br>El imputado abus\u00f3 de la menor cuando la joven iba a limpiar su casa. Es decir que los actos vejatorios ten\u00edan lugar en su propio domicilio.<br>Nota: Se omiti\u00f3 el nombre completo de las personas involucradas para preservar la identidad del menor y su derecho a la intimidad y confidencialidad.<\/p>\n","protected":false},"excerpt":{"rendered":"<p>El juez&nbsp;Roberto Faustino Lezcano, vocal de la Sala IV del Tribunal de Juicio, conden\u00f3 a \u00c1ngel Monte (74) a la pena de nueve a\u00f1os de prisi\u00f3n efectiva por resultar autor material y penalmente responsable del delito de abuso sexual con acceso carnal continuado en perjuicio de una menor.El juez revoc\u00f3 la prisi\u00f3n domiciliaria del acusado [&hellip;]<\/p>\n","protected":false},"author":2,"featured_media":10770,"comment_status":"open","ping_status":"open","sticky":false,"template":"","format":"standard","meta":{"tdm_status":"","tdm_grid_status":"","_joinchat":[],"footnotes":""},"categories":[73],"tags":[],"class_list":{"0":"post-10769","1":"post","2":"type-post","3":"status-publish","4":"format-standard","5":"has-post-thumbnail","7":"category-noticias-general"},"amp_enabled":true,"_links":{"self":[{"href":"https:\/\/www.todoeldia.com\/index.php\/wp-json\/wp\/v2\/posts\/10769","targetHints":{"allow":["GET"]}}],"collection":[{"href":"https:\/\/www.todoeldia.com\/index.php\/wp-json\/wp\/v2\/posts"}],"about":[{"href":"https:\/\/www.todoeldia.com\/index.php\/wp-json\/wp\/v2\/types\/post"}],"author":[{"embeddable":true,"href":"https:\/\/www.todoeldia.com\/index.php\/wp-json\/wp\/v2\/users\/2"}],"replies":[{"embeddable":true,"href":"https:\/\/www.todoeldia.com\/index.php\/wp-json\/wp\/v2\/comments?post=10769"}],"version-history":[{"count":1,"href":"https:\/\/www.todoeldia.com\/index.php\/wp-json\/wp\/v2\/posts\/10769\/revisions"}],"predecessor-version":[{"id":10771,"href":"https:\/\/www.todoeldia.com\/index.php\/wp-json\/wp\/v2\/posts\/10769\/revisions\/10771"}],"wp:featuredmedia":[{"embeddable":true,"href":"https:\/\/www.todoeldia.com\/index.php\/wp-json\/wp\/v2\/media\/10770"}],"wp:attachment":[{"href":"https:\/\/www.todoeldia.com\/index.php\/wp-json\/wp\/v2\/media?parent=10769"}],"wp:term":[{"taxonomy":"category","embeddable":true,"href":"https:\/\/www.todoeldia.com\/index.php\/wp-json\/wp\/v2\/categories?post=10769"},{"taxonomy":"post_tag","embeddable":true,"href":"https:\/\/www.todoeldia.com\/index.php\/wp-json\/wp\/v2\/tags?post=10769"}],"curies":[{"name":"wp","href":"https:\/\/api.w.org\/{rel}","templated":true}]}}