{"id":10779,"date":"2020-11-09T20:05:25","date_gmt":"2020-11-09T23:05:25","guid":{"rendered":"https:\/\/www.todoeldia.com\/?p=10779"},"modified":"2020-11-09T20:05:26","modified_gmt":"2020-11-09T23:05:26","slug":"flavio-mendoza-la-asociacion-argentina-de-actores-no-hizo-nada-por-los-artistas-en-la-pandemia","status":"publish","type":"post","link":"https:\/\/www.todoeldia.com\/index.php\/2020\/11\/09\/flavio-mendoza-la-asociacion-argentina-de-actores-no-hizo-nada-por-los-artistas-en-la-pandemia\/","title":{"rendered":"Flavio Mendoza: \u201cLa Asociaci\u00f3n Argentina de Actores no hizo nada por los artistas en la pandemia\u201d"},"content":{"rendered":"\n<p>El bailar\u00edn, core\u00f3grafo y productor teatral organiz\u00f3 una marcha en la calle Corrientes para pedir por la apertura urgente de los teatros.<\/p>\n\n\n\n<p>&nbsp;El Gobierno anunci\u00f3 este lunes que se habilitar\u00e1 la actividad teatral y musical con p\u00fablico presencial en salas de espect\u00e1culos<\/p>\n\n\n\n<p>Flavio Mendoza convoc\u00f3 una marcha este lunes en la calle Corrientes para reclamar al Gobierno la reapertura inmediata de los teatros en la Ciudad de Buenos Aires. Participaron de esta manifestaci\u00f3n muchos artistas que no han podido trabajar desde hace m\u00e1s de siete meses debido a las restricciones impuestas por las autoridades gubernamentales.<\/p>\n\n\n\n<p>Laura Fidalgo, Carmen Barbieri y Luis Brandoni estuvieron presentes en la protesta, como muchos otros colegas. \u201cPedimos que abran los teatros, que nos permitan abrir los teatros. Este es un pedido directamente al Presidente de la Rep\u00fablica que acaba de decir el viernes que teatros y cines no (se abren)&#8221;, declar\u00f3 Brandoni en TN. \u201cHay grupos de empresarios hablando en la Casa de Gobierno y es probable que como nos estamos manifestando en la calle, el Gobierno cumpla con su h\u00e1bito de recular despu\u00e9s de tomar una decisi\u00f3n. As\u00ed que es probable que tengamos teatro\u201d, agreg\u00f3.<\/p>\n\n\n\n<figure class=\"wp-block-image is-resized\"><img loading=\"lazy\" decoding=\"async\" src=\"https:\/\/www.infobae.com\/new-resizer\/ZI5aybat77EmihnQR4Y_6NdBvCU=\/420x236\/filters:format(jpg):quality(85)\/\/cloudfront-us-east-1.images.arcpublishing.com\/infobae\/DN7M3B2KEBFPNNNQ4KIGTHJDAE.jpg\" alt=\"Participaron de la marcha Nicol\u00e1s Scarpino, Georgina Barbarossa, Guillermo Mar\u00edn, Luis Brandoni, Beto C\u00e9sar, entre otros (Foto: NA)\" width=\"1062\" height=\"629\"\/><figcaption>Participaron de la marcha Nicol\u00e1s Scarpino, Georgina Barbarossa, Guillermo Mar\u00edn, Luis Brandoni, Beto C\u00e9sar, entre otros<\/figcaption><\/figure>\n\n\n\n<p>Despu\u00e9s de la manifestaci\u00f3n, finalmente&nbsp;se confirm\u00f3 la autorizaci\u00f3n de la actividad teatral y musical en espacios cerrados y con la presencia de p\u00fablico.&nbsp;Carlos Rottemberg&nbsp;lo anunci\u00f3 a trav\u00e9s de su cuenta en Twitter: \u201cEsta ma\u00f1ana el Gobierno de la Ciudad Buenos Aires, a trav\u00e9s de su Ministerio de Cultura, present\u00f3 el primer pedido de habilitaci\u00f3n de la actividad art\u00edstica con p\u00fablico presencial en salas de espect\u00e1culos, ahora confirmado su ingreso por la Jefatura de Gabinete de la Naci\u00f3n\u201d.<\/p>\n\n\n\n<p>Luego, el empresario teatral manifest\u00f3 en la red social: \u201cSe confirm\u00f3 el regreso de la actividad teatral y musical con p\u00fablico presencial en salas de espect\u00e1culos.&nbsp;La Jefatura de Gabinete de la Naci\u00f3n inicia la aprobaci\u00f3n de las solicitudes de habilitaciones que presenten las jurisdicciones, con el compromiso de agilizar el regreso\u201d.<\/p>\n","protected":false},"excerpt":{"rendered":"<p>El bailar\u00edn, core\u00f3grafo y productor teatral organiz\u00f3 una marcha en la calle Corrientes para pedir por la apertura urgente de los teatros. &nbsp;El Gobierno anunci\u00f3 este lunes que se habilitar\u00e1 la actividad teatral y musical con p\u00fablico presencial en salas de espect\u00e1culos Flavio Mendoza convoc\u00f3 una marcha este lunes en la calle Corrientes para reclamar [&hellip;]<\/p>\n","protected":false},"author":2,"featured_media":10780,"comment_status":"open","ping_status":"open","sticky":false,"template":"","format":"standard","meta":{"tdm_status":"","tdm_grid_status":"","_joinchat":[],"footnotes":""},"categories":[73],"tags":[],"class_list":{"0":"post-10779","1":"post","2":"type-post","3":"status-publish","4":"format-standard","5":"has-post-thumbnail","7":"category-noticias-general"},"amp_enabled":true,"_links":{"self":[{"href":"https:\/\/www.todoeldia.com\/index.php\/wp-json\/wp\/v2\/posts\/10779","targetHints":{"allow":["GET"]}}],"collection":[{"href":"https:\/\/www.todoeldia.com\/index.php\/wp-json\/wp\/v2\/posts"}],"about":[{"href":"https:\/\/www.todoeldia.com\/index.php\/wp-json\/wp\/v2\/types\/post"}],"author":[{"embeddable":true,"href":"https:\/\/www.todoeldia.com\/index.php\/wp-json\/wp\/v2\/users\/2"}],"replies":[{"embeddable":true,"href":"https:\/\/www.todoeldia.com\/index.php\/wp-json\/wp\/v2\/comments?post=10779"}],"version-history":[{"count":2,"href":"https:\/\/www.todoeldia.com\/index.php\/wp-json\/wp\/v2\/posts\/10779\/revisions"}],"predecessor-version":[{"id":10782,"href":"https:\/\/www.todoeldia.com\/index.php\/wp-json\/wp\/v2\/posts\/10779\/revisions\/10782"}],"wp:featuredmedia":[{"embeddable":true,"href":"https:\/\/www.todoeldia.com\/index.php\/wp-json\/wp\/v2\/media\/10780"}],"wp:attachment":[{"href":"https:\/\/www.todoeldia.com\/index.php\/wp-json\/wp\/v2\/media?parent=10779"}],"wp:term":[{"taxonomy":"category","embeddable":true,"href":"https:\/\/www.todoeldia.com\/index.php\/wp-json\/wp\/v2\/categories?post=10779"},{"taxonomy":"post_tag","embeddable":true,"href":"https:\/\/www.todoeldia.com\/index.php\/wp-json\/wp\/v2\/tags?post=10779"}],"curies":[{"name":"wp","href":"https:\/\/api.w.org\/{rel}","templated":true}]}}