{"id":10783,"date":"2020-11-09T20:11:50","date_gmt":"2020-11-09T23:11:50","guid":{"rendered":"https:\/\/www.todoeldia.com\/?p=10783"},"modified":"2020-11-09T20:11:51","modified_gmt":"2020-11-09T23:11:51","slug":"medicos-italianos-pidieron-el-cierre-total-del-pais-ante-el-colapso-de-los-hospitales-por-el-covid-19","status":"publish","type":"post","link":"https:\/\/www.todoeldia.com\/index.php\/2020\/11\/09\/medicos-italianos-pidieron-el-cierre-total-del-pais-ante-el-colapso-de-los-hospitales-por-el-covid-19\/","title":{"rendered":"M\u00e9dicos italianos pidieron el cierre total del pa\u00eds ante el colapso de los hospitales por el covid-19"},"content":{"rendered":"\n<p>En las \u00faltimas 24 horas se registraron 25.271 nuevos contagios y 356 muertes. El Gobierno est\u00e1 evaluando elevar el riesgo de algunas regiones. \u201cCon la media actual, en un mes tendr\u00edamos 10.000 muertos m\u00e1s\u201d<\/p>\n\n\n\n<p>El presidente de la Federaci\u00f3n Nacional del Colegio de M\u00e9dicos italiano (Fnomceo), Filippo Anelli, pidi\u00f3 este lunes al Gobierno el cierre total del pa\u00eds ante el estado actual de los hospitales que empiezan a estar colapsados por los n\u00fameros enfermos de coronavirus.<\/p>\n\n\n\n<figure class=\"wp-block-image size-large is-resized\"><img loading=\"lazy\" decoding=\"async\" src=\"https:\/\/www.todoeldia.com\/wp-content\/uploads\/2020\/11\/covid-en-italia-1.jpg\" alt=\"\" class=\"wp-image-10785\" width=\"1072\" height=\"723\"\/><figcaption>Un paciente con coronavirus en una unidad de cuidados intensivos del hospital San Filippo Neri de Roma<\/figcaption><\/figure>\n\n\n\n<p>Anelli advirti\u00f3 de que \u201csi se consideran los datos de esta semana como una tendencia t\u00edpica y si los proyectamos sin prever mayores incrementos, la situaci\u00f3n en un mes ser\u00e1 dram\u00e1tica&#8221;. &#8220;Por lo tanto debemos, recurrir de inmediato a un cierre total\u201d, asegur\u00f3. \u201cCon la media actual, en un mes llegar\u00edamos a 10.000 muertos m\u00e1s\u201d, alert\u00f3.<\/p>\n\n\n\n<p>\u201cO bloqueamos el virus o nos bloquear\u00e1 porque nos est\u00e1n avisando de que el sistema no aguanta e incluso las regiones ahora amarillas pronto se encontrar\u00e1n en las mismas condiciones que las zonas m\u00e1s afectadas\u201d, agreg\u00f3 Anelli, en referencia al sistema de colores usado para definir la situaci\u00f3n epidemiol\u00f3gica de las distintas partes del pa\u00eds.<\/p>\n\n\n\n<p>Por otra parte, el asesor del ministerio de Sanidad para la emergencia, Walter Ricciardi, tambi\u00e9n afirm\u00f3 anoche en un programa televisivo que se necesitan \u201cintervenciones absolutamente r\u00e1pidas o se avecina una tragedia nacional\u201d.<\/p>\n\n\n\n<figure class=\"wp-block-image size-large is-resized\"><img loading=\"lazy\" decoding=\"async\" src=\"https:\/\/www.todoeldia.com\/wp-content\/uploads\/2020\/11\/covid-en-italia-2.jpg\" alt=\"\" class=\"wp-image-10787\" width=\"1069\" height=\"721\"\/><figcaption>Personas con mascarillas en Mil\u00e1n, Italia, 6 noviembre 2020.<\/figcaption><\/figure>\n\n\n\n<p>Las regiones norte\u00f1as de Lombard\u00eda, Piamonte y el Valle de Aosta y la sure\u00f1a Calabria han sido calificadas como zonas rojas por el Gobierno. En consecuencia, se les ha aplicado un confinamiento blando con la prohibici\u00f3n de abandonar la regi\u00f3n o de salir de casa si no es para ir a trabajar, hacer compras o por motivos de salud o emergencias.<\/p>\n\n\n\n<p>Campania, en tanto, ha sido calificada como zona amarilla y, por tanto, no tiene mayores restricciones. Sin embargo, desde algunos hospitales de la regi\u00f3n se elev\u00f3 la petici\u00f3n de ayuda ante una situaci\u00f3n de emergencia en la que se han visto filas de coches con pacientes que esperan para ser examinados.<\/p>\n\n\n\n<p>En consecuencia, el Gobierno est\u00e1 evaluando elevar el riesgo de algunas regiones. Campania es una de ellas. Veneto y Toscana podr\u00edan en las pr\u00f3ximas horas ser tambi\u00e9n consideradas zonas naranjas o rojas.<\/p>\n\n\n\n<p>Para Luigi De Magistris, alcalde de N\u00e1poles, en la regi\u00f3n de Campania, \u201cproclamar la regi\u00f3n como zona roja es lamentablemente una decisi\u00f3n inevitable, de hecho es una decisi\u00f3n tard\u00eda\u201d.<\/p>\n\n\n\n<p>El alcalde de Palermo, en Sicilia, Leoluca Orlando, asegur\u00f3 que se &#8220;se avanza hacia una masacre anunciada &#8220;.<\/p>\n","protected":false},"excerpt":{"rendered":"<p>En las \u00faltimas 24 horas se registraron 25.271 nuevos contagios y 356 muertes. El Gobierno est\u00e1 evaluando elevar el riesgo de algunas regiones. \u201cCon la media actual, en un mes tendr\u00edamos 10.000 muertos m\u00e1s\u201d El presidente de la Federaci\u00f3n Nacional del Colegio de M\u00e9dicos italiano (Fnomceo), Filippo Anelli, pidi\u00f3 este lunes al Gobierno el cierre [&hellip;]<\/p>\n","protected":false},"author":2,"featured_media":10784,"comment_status":"open","ping_status":"open","sticky":false,"template":"","format":"standard","meta":{"tdm_status":"","tdm_grid_status":"","_joinchat":[],"footnotes":""},"categories":[65],"tags":[],"class_list":{"0":"post-10783","1":"post","2":"type-post","3":"status-publish","4":"format-standard","5":"has-post-thumbnail","7":"category-coronavirus"},"amp_enabled":true,"_links":{"self":[{"href":"https:\/\/www.todoeldia.com\/index.php\/wp-json\/wp\/v2\/posts\/10783","targetHints":{"allow":["GET"]}}],"collection":[{"href":"https:\/\/www.todoeldia.com\/index.php\/wp-json\/wp\/v2\/posts"}],"about":[{"href":"https:\/\/www.todoeldia.com\/index.php\/wp-json\/wp\/v2\/types\/post"}],"author":[{"embeddable":true,"href":"https:\/\/www.todoeldia.com\/index.php\/wp-json\/wp\/v2\/users\/2"}],"replies":[{"embeddable":true,"href":"https:\/\/www.todoeldia.com\/index.php\/wp-json\/wp\/v2\/comments?post=10783"}],"version-history":[{"count":1,"href":"https:\/\/www.todoeldia.com\/index.php\/wp-json\/wp\/v2\/posts\/10783\/revisions"}],"predecessor-version":[{"id":10788,"href":"https:\/\/www.todoeldia.com\/index.php\/wp-json\/wp\/v2\/posts\/10783\/revisions\/10788"}],"wp:featuredmedia":[{"embeddable":true,"href":"https:\/\/www.todoeldia.com\/index.php\/wp-json\/wp\/v2\/media\/10784"}],"wp:attachment":[{"href":"https:\/\/www.todoeldia.com\/index.php\/wp-json\/wp\/v2\/media?parent=10783"}],"wp:term":[{"taxonomy":"category","embeddable":true,"href":"https:\/\/www.todoeldia.com\/index.php\/wp-json\/wp\/v2\/categories?post=10783"},{"taxonomy":"post_tag","embeddable":true,"href":"https:\/\/www.todoeldia.com\/index.php\/wp-json\/wp\/v2\/tags?post=10783"}],"curies":[{"name":"wp","href":"https:\/\/api.w.org\/{rel}","templated":true}]}}