{"id":107872,"date":"2026-03-09T10:29:34","date_gmt":"2026-03-09T13:29:34","guid":{"rendered":"https:\/\/www.todoeldia.com\/?p=107872"},"modified":"2026-03-09T10:29:35","modified_gmt":"2026-03-09T13:29:35","slug":"a-mar-del-plata-no-lo-salvo-ni-el-carnaval-cayeron-fuerte-las-ventas-en-comercios-en-febrero","status":"publish","type":"post","link":"https:\/\/www.todoeldia.com\/index.php\/2026\/03\/09\/a-mar-del-plata-no-lo-salvo-ni-el-carnaval-cayeron-fuerte-las-ventas-en-comercios-en-febrero\/","title":{"rendered":"A Mar del Plata no lo salv\u00f3 ni el carnaval: cayeron fuerte las ventas en comercios en febrero"},"content":{"rendered":"\n<p>El consumo en Mar del Plata cay\u00f3 4% en el segundo mes del a\u00f1o y hay mucha preocupaci\u00f3n en la Ciudad Feliz.<\/p>\n\n\n\n<p>Las ventas en los comercios de Mar del Plata registraron una ca\u00edda interanual del 4% en febrero, seg\u00fan un informe elaborado por el Departamento de Estudios Sociales y Econ\u00f3micos (DESE) de la Uni\u00f3n del Comercio, la Industria y la Producci\u00f3n (UCIP).<\/p>\n\n\n\n<figure class=\"wp-block-image size-full is-resized\"><img loading=\"lazy\" decoding=\"async\" width=\"960\" height=\"720\" src=\"https:\/\/www.todoeldia.com\/wp-content\/uploads\/2026\/03\/image-84.png\" alt=\"\" class=\"wp-image-107874\" style=\"width:1064px;height:auto\" srcset=\"https:\/\/www.todoeldia.com\/wp-content\/uploads\/2026\/03\/image-84.png 960w, https:\/\/www.todoeldia.com\/wp-content\/uploads\/2026\/03\/image-84-300x225.png 300w, https:\/\/www.todoeldia.com\/wp-content\/uploads\/2026\/03\/image-84-768x576.png 768w, https:\/\/www.todoeldia.com\/wp-content\/uploads\/2026\/03\/image-84-560x420.png 560w, https:\/\/www.todoeldia.com\/wp-content\/uploads\/2026\/03\/image-84-80x60.png 80w, https:\/\/www.todoeldia.com\/wp-content\/uploads\/2026\/03\/image-84-696x522.png 696w, https:\/\/www.todoeldia.com\/wp-content\/uploads\/2026\/03\/image-84-265x198.png 265w\" sizes=\"auto, (max-width: 960px) 100vw, 960px\" \/><\/figure>\n\n\n\n<p><strong>A Mar del Plata se le viene la noche.<\/strong><\/p>\n\n\n\n<p>Los datos sobre el verano en Mar del Plata son lapidarios y el comercio en general est\u00e1 en estado de alerta, seg\u00fan pudo confirmar en las \u00faltimas horas la Agencia Noticias Argentinas.<\/p>\n\n\n\n<p>El relevamiento, realizado entre locales de distintos rubros de la ciudad, tambi\u00e9n mostr\u00f3 una baja del 6,1% en la comparaci\u00f3n mensual, lo que consolida una tendencia negativa para el comercio durante la temporada de verano.<\/p>\n\n\n\n<p>De hecho, en enero ya se hab\u00eda registrado una ca\u00edda del 6,4% en las ventas, por lo que desde la entidad empresaria advirtieron que la temporada estival 2026 result\u00f3 \u201cpeor que la anterior\u201d para el sector comercial.<\/p>\n\n\n\n<p>\u201cNo hay plata\u201d: la dura realidad del verano en Mar del Plata<\/p>\n\n\n\n<p>El presidente de la Uni\u00f3n del Comercio, la Industria y la Producci\u00f3n, Blas Taladrid, explic\u00f3 que muchos comerciantes atribuyen la ca\u00edda del consumo a la p\u00e9rdida de poder adquisitivo.<\/p>\n\n\n\n<p>\u201cLos comerciantes nos indican de diversas maneras la p\u00e9rdida de poder adquisitivo como causa de la ca\u00edda del consumo, aunque las frases que m\u00e1s se escuchan se reducen simplemente a \u2018no hay plata\u2019 y a \u2018la gente compra lo b\u00e1sico\u2019\u201d, se\u00f1al\u00f3.<\/p>\n\n\n\n<p>En el relevamiento, el 46% de los comerciantes asegur\u00f3 que la situaci\u00f3n econ\u00f3mica de su empresa se mantiene igual que el a\u00f1o pasado, mientras que otro 46% indic\u00f3 que empeor\u00f3. Solo el 8% afirm\u00f3 que mejor\u00f3.<\/p>\n\n\n\n<p>Respecto al futuro, el 57,1% cree que la situaci\u00f3n seguir\u00e1 igual dentro de un a\u00f1o, el 25,4% se mostr\u00f3 optimista y consider\u00f3 que mejorar\u00e1, mientras que el 17,5% estima que empeorar\u00e1.<\/p>\n\n\n\n<p>Pocas inversiones en Mar del Plata<\/p>\n\n\n\n<p>El informe tambi\u00e9n reflej\u00f3 cautela a la hora de invertir. El 82,5% de los comerciantes respondi\u00f3 que no es un buen momento para realizar inversiones en sus negocios.<\/p>\n\n\n\n<p>Por el contrario, el 14,3% consider\u00f3 que s\u00ed es un momento adecuado para invertir en su emprendimiento, mientras que el 3,2% dijo no saber.<\/p>\n","protected":false},"excerpt":{"rendered":"<p>El consumo en Mar del Plata cay\u00f3 4% en el segundo mes del a\u00f1o y hay mucha preocupaci\u00f3n en la Ciudad Feliz. Las ventas en los comercios de Mar del Plata registraron una ca\u00edda interanual del 4% en febrero, seg\u00fan un informe elaborado por el Departamento de Estudios Sociales y Econ\u00f3micos (DESE) de la Uni\u00f3n [&hellip;]<\/p>\n","protected":false},"author":2,"featured_media":107873,"comment_status":"open","ping_status":"open","sticky":false,"template":"","format":"standard","meta":{"tdm_status":"","tdm_grid_status":"","_joinchat":[],"footnotes":""},"categories":[73],"tags":[],"class_list":{"0":"post-107872","1":"post","2":"type-post","3":"status-publish","4":"format-standard","5":"has-post-thumbnail","7":"category-noticias-general"},"amp_enabled":true,"_links":{"self":[{"href":"https:\/\/www.todoeldia.com\/index.php\/wp-json\/wp\/v2\/posts\/107872","targetHints":{"allow":["GET"]}}],"collection":[{"href":"https:\/\/www.todoeldia.com\/index.php\/wp-json\/wp\/v2\/posts"}],"about":[{"href":"https:\/\/www.todoeldia.com\/index.php\/wp-json\/wp\/v2\/types\/post"}],"author":[{"embeddable":true,"href":"https:\/\/www.todoeldia.com\/index.php\/wp-json\/wp\/v2\/users\/2"}],"replies":[{"embeddable":true,"href":"https:\/\/www.todoeldia.com\/index.php\/wp-json\/wp\/v2\/comments?post=107872"}],"version-history":[{"count":1,"href":"https:\/\/www.todoeldia.com\/index.php\/wp-json\/wp\/v2\/posts\/107872\/revisions"}],"predecessor-version":[{"id":107875,"href":"https:\/\/www.todoeldia.com\/index.php\/wp-json\/wp\/v2\/posts\/107872\/revisions\/107875"}],"wp:featuredmedia":[{"embeddable":true,"href":"https:\/\/www.todoeldia.com\/index.php\/wp-json\/wp\/v2\/media\/107873"}],"wp:attachment":[{"href":"https:\/\/www.todoeldia.com\/index.php\/wp-json\/wp\/v2\/media?parent=107872"}],"wp:term":[{"taxonomy":"category","embeddable":true,"href":"https:\/\/www.todoeldia.com\/index.php\/wp-json\/wp\/v2\/categories?post=107872"},{"taxonomy":"post_tag","embeddable":true,"href":"https:\/\/www.todoeldia.com\/index.php\/wp-json\/wp\/v2\/tags?post=107872"}],"curies":[{"name":"wp","href":"https:\/\/api.w.org\/{rel}","templated":true}]}}