{"id":107887,"date":"2026-03-09T11:22:10","date_gmt":"2026-03-09T14:22:10","guid":{"rendered":"https:\/\/www.todoeldia.com\/?p=107887"},"modified":"2026-03-09T11:52:58","modified_gmt":"2026-03-09T14:52:58","slug":"tramos-anegados-en-ruta-16-piden-circular-con-extremada-precaucion","status":"publish","type":"post","link":"https:\/\/www.todoeldia.com\/index.php\/2026\/03\/09\/tramos-anegados-en-ruta-16-piden-circular-con-extremada-precaucion\/","title":{"rendered":"Tramos anegados en ruta 16: piden circular con extremada precauci\u00f3n"},"content":{"rendered":"\n<p>Conductores que transitan habitualmente por la Ruta Nacional 16 advirtieron sobre sectores comprometidos por la presencia de agua sobre la calzada en el tramo que une El Galp\u00f3n, El Tunal y Joaqu\u00edn V. Gonz\u00e1lez, situaci\u00f3n que obliga a circular con extrema precauci\u00f3n.<\/p>\n\n\n\n<figure class=\"wp-block-image size-full is-resized\"><img loading=\"lazy\" decoding=\"async\" width=\"906\" height=\"601\" src=\"https:\/\/www.todoeldia.com\/wp-content\/uploads\/2026\/03\/image-86.png\" alt=\"\" class=\"wp-image-107889\" style=\"width:1068px;height:auto\" srcset=\"https:\/\/www.todoeldia.com\/wp-content\/uploads\/2026\/03\/image-86.png 906w, https:\/\/www.todoeldia.com\/wp-content\/uploads\/2026\/03\/image-86-300x199.png 300w, https:\/\/www.todoeldia.com\/wp-content\/uploads\/2026\/03\/image-86-768x509.png 768w, https:\/\/www.todoeldia.com\/wp-content\/uploads\/2026\/03\/image-86-633x420.png 633w, https:\/\/www.todoeldia.com\/wp-content\/uploads\/2026\/03\/image-86-696x462.png 696w\" sizes=\"auto, (max-width: 906px) 100vw, 906px\" \/><\/figure>\n\n\n\n<p>De acuerdo con los reportes difundidos durante la ma\u00f1ana, entre El Galp\u00f3n y El Tunal la ruta presenta al menos cuatro sectores anegados, donde el agua cruza la cinta asf\u00e1ltica y genera espejos que, seg\u00fan los conductores, no siempre resultan visibles a simple vista, especialmente para quienes no conocen el camino.<\/p>\n\n\n\n<figure class=\"wp-block-image size-full is-resized\"><img loading=\"lazy\" decoding=\"async\" width=\"867\" height=\"563\" src=\"https:\/\/www.todoeldia.com\/wp-content\/uploads\/2026\/03\/image-87.png\" alt=\"\" class=\"wp-image-107890\" style=\"width:1063px;height:auto\" srcset=\"https:\/\/www.todoeldia.com\/wp-content\/uploads\/2026\/03\/image-87.png 867w, https:\/\/www.todoeldia.com\/wp-content\/uploads\/2026\/03\/image-87-300x195.png 300w, https:\/\/www.todoeldia.com\/wp-content\/uploads\/2026\/03\/image-87-768x499.png 768w, https:\/\/www.todoeldia.com\/wp-content\/uploads\/2026\/03\/image-87-647x420.png 647w, https:\/\/www.todoeldia.com\/wp-content\/uploads\/2026\/03\/image-87-696x452.png 696w\" sizes=\"auto, (max-width: 867px) 100vw, 867px\" \/><\/figure>\n\n\n\n<p>A esa situaci\u00f3n se suma actividad de tormentas en la zona comprendida entre El Tunal y Joaqu\u00edn V. Gonz\u00e1lez, lo que podr\u00eda agravar las condiciones de circulaci\u00f3n en las pr\u00f3ximas horas debido al aumento del caudal de agua sobre la calzada y en las banquinas.<\/p>\n\n\n\n<figure class=\"wp-block-image size-large\"><img loading=\"lazy\" decoding=\"async\" width=\"1024\" height=\"545\" src=\"https:\/\/www.todoeldia.com\/wp-content\/uploads\/2026\/03\/image-88-1024x545.png\" alt=\"\" class=\"wp-image-107892\" srcset=\"https:\/\/www.todoeldia.com\/wp-content\/uploads\/2026\/03\/image-88-1024x545.png 1024w, https:\/\/www.todoeldia.com\/wp-content\/uploads\/2026\/03\/image-88-300x160.png 300w, https:\/\/www.todoeldia.com\/wp-content\/uploads\/2026\/03\/image-88-768x409.png 768w, https:\/\/www.todoeldia.com\/wp-content\/uploads\/2026\/03\/image-88-789x420.png 789w, https:\/\/www.todoeldia.com\/wp-content\/uploads\/2026\/03\/image-88-696x371.png 696w, https:\/\/www.todoeldia.com\/wp-content\/uploads\/2026\/03\/image-88-1068x569.png 1068w, https:\/\/www.todoeldia.com\/wp-content\/uploads\/2026\/03\/image-88.png 1170w\" sizes=\"auto, (max-width: 1024px) 100vw, 1024px\" \/><\/figure>\n\n\n\n<p>Ante este panorama, quienes recorren ese corredor vial recomiendan reducir la velocidad, mantener distancia entre veh\u00edculos y evitar maniobras bruscas, particularmente durante la noche o en momentos de baja visibilidad.<\/p>\n","protected":false},"excerpt":{"rendered":"<p>Conductores que transitan habitualmente por la Ruta Nacional 16 advirtieron sobre sectores comprometidos por la presencia de agua sobre la calzada en el tramo que une El Galp\u00f3n, El Tunal y Joaqu\u00edn V. Gonz\u00e1lez, situaci\u00f3n que obliga a circular con extrema precauci\u00f3n. De acuerdo con los reportes difundidos durante la ma\u00f1ana, entre El Galp\u00f3n y [&hellip;]<\/p>\n","protected":false},"author":2,"featured_media":107888,"comment_status":"open","ping_status":"open","sticky":false,"template":"","format":"standard","meta":{"tdm_status":"","tdm_grid_status":"","_joinchat":[],"footnotes":""},"categories":[73],"tags":[],"class_list":{"0":"post-107887","1":"post","2":"type-post","3":"status-publish","4":"format-standard","5":"has-post-thumbnail","7":"category-noticias-general"},"amp_enabled":true,"_links":{"self":[{"href":"https:\/\/www.todoeldia.com\/index.php\/wp-json\/wp\/v2\/posts\/107887","targetHints":{"allow":["GET"]}}],"collection":[{"href":"https:\/\/www.todoeldia.com\/index.php\/wp-json\/wp\/v2\/posts"}],"about":[{"href":"https:\/\/www.todoeldia.com\/index.php\/wp-json\/wp\/v2\/types\/post"}],"author":[{"embeddable":true,"href":"https:\/\/www.todoeldia.com\/index.php\/wp-json\/wp\/v2\/users\/2"}],"replies":[{"embeddable":true,"href":"https:\/\/www.todoeldia.com\/index.php\/wp-json\/wp\/v2\/comments?post=107887"}],"version-history":[{"count":2,"href":"https:\/\/www.todoeldia.com\/index.php\/wp-json\/wp\/v2\/posts\/107887\/revisions"}],"predecessor-version":[{"id":107893,"href":"https:\/\/www.todoeldia.com\/index.php\/wp-json\/wp\/v2\/posts\/107887\/revisions\/107893"}],"wp:featuredmedia":[{"embeddable":true,"href":"https:\/\/www.todoeldia.com\/index.php\/wp-json\/wp\/v2\/media\/107888"}],"wp:attachment":[{"href":"https:\/\/www.todoeldia.com\/index.php\/wp-json\/wp\/v2\/media?parent=107887"}],"wp:term":[{"taxonomy":"category","embeddable":true,"href":"https:\/\/www.todoeldia.com\/index.php\/wp-json\/wp\/v2\/categories?post=107887"},{"taxonomy":"post_tag","embeddable":true,"href":"https:\/\/www.todoeldia.com\/index.php\/wp-json\/wp\/v2\/tags?post=107887"}],"curies":[{"name":"wp","href":"https:\/\/api.w.org\/{rel}","templated":true}]}}