{"id":10789,"date":"2020-11-09T20:17:33","date_gmt":"2020-11-09T23:17:33","guid":{"rendered":"https:\/\/www.todoeldia.com\/?p=10789"},"modified":"2020-11-09T20:17:34","modified_gmt":"2020-11-09T23:17:34","slug":"mauricio-macri-siento-que-somos-mas-del-41-porque-muchos-se-dieron-cuenta-que-el-asado-no-llego","status":"publish","type":"post","link":"https:\/\/www.todoeldia.com\/index.php\/2020\/11\/09\/mauricio-macri-siento-que-somos-mas-del-41-porque-muchos-se-dieron-cuenta-que-el-asado-no-llego\/","title":{"rendered":"Mauricio Macri: \u201cSiento que somos m\u00e1s del 41% porque muchos se dieron cuenta que el asado no lleg\u00f3\u201d"},"content":{"rendered":"\n<p>Mauricio Macri volvi\u00f3 a cuestionar la gesti\u00f3n de Alberto Fern\u00e1ndez y se mostr\u00f3 optimista respecto de las chances electorales de Juntos por el Cambio.<\/p>\n\n\n\n<p>En el marco de una reuni\u00f3n por Zoom con los militantes de Pro, el expresidente Mauricio Macri volvi\u00f3 a criticar duramente al Gobierno de Alberto Fern\u00e1ndez y se\u00f1al\u00f3 que Juntos por el Cambio logr\u00f3 posicionarse como principal fuerza opositora aumentando su base electoral.<\/p>\n\n\n\n<p>\u201cEse 41% est\u00e1 m\u00e1s firme que nunca y hoy siento que debe ser m\u00e1s que el 41%, porque muchos de ellos se dieron cuenta que el asado no lleg\u00f3, y hoy est\u00e1n peor que en diciembre de 2019 y mucho peor que en agosto del 2019\u2033, sostuvo el fundador de Pro.<\/p>\n\n\n\n<p>Otra cuesti\u00f3n de actualidad que no pas\u00f3 desapercibida para el l\u00edder del PRO son las protestas callejeras contra el Gobierno, a las que calific\u00f3 como \u201cun grito a la libertad, un grito al futuro\u201d. \u201cEl domingo [por ayer] tenemos otra marcha que estoy seguro que va a volver a expresar lo mismo\u201d, resalt\u00f3.<\/p>\n\n\n\n<p>Seg\u00fan Macri, las marchas opositoras \u201cvan a impedir la ruptura institucional que intenta la vicepresidenta y va a consolidar un voto hacia un pa\u00eds que emprenda el camino del progreso\u201d.<\/p>\n\n\n\n<p>Con respecto a la situaci\u00f3n econ\u00f3mica, el exmandatario coment\u00f3: \u201cFrente a la viveza de gastar m\u00e1s de lo que tenemos, vivir imprimiendo billetes, discutir si va un guanaco o un pr\u00f3cer en el papel, lo importante es que el billete valga y no que uno tenga que escaparse del billete que nos vincula\u201d.<\/p>\n","protected":false},"excerpt":{"rendered":"<p>Mauricio Macri volvi\u00f3 a cuestionar la gesti\u00f3n de Alberto Fern\u00e1ndez y se mostr\u00f3 optimista respecto de las chances electorales de Juntos por el Cambio. En el marco de una reuni\u00f3n por Zoom con los militantes de Pro, el expresidente Mauricio Macri volvi\u00f3 a criticar duramente al Gobierno de Alberto Fern\u00e1ndez y se\u00f1al\u00f3 que Juntos por [&hellip;]<\/p>\n","protected":false},"author":2,"featured_media":10790,"comment_status":"open","ping_status":"open","sticky":false,"template":"","format":"standard","meta":{"tdm_status":"","tdm_grid_status":"","_joinchat":[],"footnotes":""},"categories":[59],"tags":[],"class_list":{"0":"post-10789","1":"post","2":"type-post","3":"status-publish","4":"format-standard","5":"has-post-thumbnail","7":"category-politica"},"amp_enabled":true,"_links":{"self":[{"href":"https:\/\/www.todoeldia.com\/index.php\/wp-json\/wp\/v2\/posts\/10789","targetHints":{"allow":["GET"]}}],"collection":[{"href":"https:\/\/www.todoeldia.com\/index.php\/wp-json\/wp\/v2\/posts"}],"about":[{"href":"https:\/\/www.todoeldia.com\/index.php\/wp-json\/wp\/v2\/types\/post"}],"author":[{"embeddable":true,"href":"https:\/\/www.todoeldia.com\/index.php\/wp-json\/wp\/v2\/users\/2"}],"replies":[{"embeddable":true,"href":"https:\/\/www.todoeldia.com\/index.php\/wp-json\/wp\/v2\/comments?post=10789"}],"version-history":[{"count":1,"href":"https:\/\/www.todoeldia.com\/index.php\/wp-json\/wp\/v2\/posts\/10789\/revisions"}],"predecessor-version":[{"id":10791,"href":"https:\/\/www.todoeldia.com\/index.php\/wp-json\/wp\/v2\/posts\/10789\/revisions\/10791"}],"wp:featuredmedia":[{"embeddable":true,"href":"https:\/\/www.todoeldia.com\/index.php\/wp-json\/wp\/v2\/media\/10790"}],"wp:attachment":[{"href":"https:\/\/www.todoeldia.com\/index.php\/wp-json\/wp\/v2\/media?parent=10789"}],"wp:term":[{"taxonomy":"category","embeddable":true,"href":"https:\/\/www.todoeldia.com\/index.php\/wp-json\/wp\/v2\/categories?post=10789"},{"taxonomy":"post_tag","embeddable":true,"href":"https:\/\/www.todoeldia.com\/index.php\/wp-json\/wp\/v2\/tags?post=10789"}],"curies":[{"name":"wp","href":"https:\/\/api.w.org\/{rel}","templated":true}]}}