{"id":107894,"date":"2026-03-09T12:31:34","date_gmt":"2026-03-09T15:31:34","guid":{"rendered":"https:\/\/www.todoeldia.com\/?p=107894"},"modified":"2026-03-09T12:31:35","modified_gmt":"2026-03-09T15:31:35","slug":"r-de-la-frontera-se-convirtio-en-el-centro-de-la-union-de-los-pueblos-del-norte-con-una-cabalgata-historica","status":"publish","type":"post","link":"https:\/\/www.todoeldia.com\/index.php\/2026\/03\/09\/r-de-la-frontera-se-convirtio-en-el-centro-de-la-union-de-los-pueblos-del-norte-con-una-cabalgata-historica\/","title":{"rendered":"R\u00b0 de la Frontera se convirti\u00f3 en el Centro de la Uni\u00f3n de los pueblos del Norte con una Cabalgata Hist\u00f3rica"},"content":{"rendered":"\n<p>Rosario de la Frontera sembr\u00f3 una semilla de memoria y justicia por nuestros h\u00e9roes del Norte, Mart\u00edn Miguel de G\u00fcemes, Bernab\u00e9 Ar\u00e1oz y Manuel Arias, que dieron sus vidas por la independencia de nuestra Argentina.<\/p>\n\n\n\n<figure class=\"wp-block-image size-large\"><img loading=\"lazy\" decoding=\"async\" width=\"1024\" height=\"755\" src=\"https:\/\/www.todoeldia.com\/wp-content\/uploads\/2026\/03\/image-89-1024x755.png\" alt=\"\" class=\"wp-image-107896\" srcset=\"https:\/\/www.todoeldia.com\/wp-content\/uploads\/2026\/03\/image-89-1024x755.png 1024w, https:\/\/www.todoeldia.com\/wp-content\/uploads\/2026\/03\/image-89-300x221.png 300w, https:\/\/www.todoeldia.com\/wp-content\/uploads\/2026\/03\/image-89-768x566.png 768w, https:\/\/www.todoeldia.com\/wp-content\/uploads\/2026\/03\/image-89-570x420.png 570w, https:\/\/www.todoeldia.com\/wp-content\/uploads\/2026\/03\/image-89-80x60.png 80w, https:\/\/www.todoeldia.com\/wp-content\/uploads\/2026\/03\/image-89-696x513.png 696w, https:\/\/www.todoeldia.com\/wp-content\/uploads\/2026\/03\/image-89-1068x787.png 1068w, https:\/\/www.todoeldia.com\/wp-content\/uploads\/2026\/03\/image-89.png 1087w\" sizes=\"auto, (max-width: 1024px) 100vw, 1024px\" \/><\/figure>\n\n\n\n<p>Con esta marcha gaucha se reafirm\u00f3 el Pacto de Las Trancas, s\u00edmbolo de la unidad de nuestros pueblos en la lucha por la independencia.<\/p>\n\n\n\n<p>La Cabalgata Hist\u00f3rica y Cultural Rosario de la Frontera-Trancas, fue declarada de Inter\u00e9s por la C\u00e1mara de Senadores y Diputados de Salta y la Legislatura de Tucum\u00e1n.<\/p>\n\n\n\n<figure class=\"wp-block-image size-large is-resized\"><img loading=\"lazy\" decoding=\"async\" width=\"1024\" height=\"811\" src=\"https:\/\/www.todoeldia.com\/wp-content\/uploads\/2026\/03\/image-90-1024x811.png\" alt=\"\" class=\"wp-image-107897\" style=\"width:1057px;height:auto\" srcset=\"https:\/\/www.todoeldia.com\/wp-content\/uploads\/2026\/03\/image-90-1024x811.png 1024w, https:\/\/www.todoeldia.com\/wp-content\/uploads\/2026\/03\/image-90-300x238.png 300w, https:\/\/www.todoeldia.com\/wp-content\/uploads\/2026\/03\/image-90-768x608.png 768w, https:\/\/www.todoeldia.com\/wp-content\/uploads\/2026\/03\/image-90-530x420.png 530w, https:\/\/www.todoeldia.com\/wp-content\/uploads\/2026\/03\/image-90-696x551.png 696w, https:\/\/www.todoeldia.com\/wp-content\/uploads\/2026\/03\/image-90.png 1035w\" sizes=\"auto, (max-width: 1024px) 100vw, 1024px\" \/><\/figure>\n\n\n\n<p><strong>Las autoridades descubren una placa conmemorativa<\/strong><\/p>\n\n\n\n<p>El Intendente Kuldeep Singh agradeci\u00f3 a los gauchos salte\u00f1os, tucumanos, juje\u00f1os y tarije\u00f1os, que cabalgaron hasta este encuentro de hermandad y patriotismo, bajo la lluvia, con orgullo y emoci\u00f3n.<\/p>\n","protected":false},"excerpt":{"rendered":"<p>Rosario de la Frontera sembr\u00f3 una semilla de memoria y justicia por nuestros h\u00e9roes del Norte, Mart\u00edn Miguel de G\u00fcemes, Bernab\u00e9 Ar\u00e1oz y Manuel Arias, que dieron sus vidas por la independencia de nuestra Argentina. Con esta marcha gaucha se reafirm\u00f3 el Pacto de Las Trancas, s\u00edmbolo de la unidad de nuestros pueblos en la [&hellip;]<\/p>\n","protected":false},"author":2,"featured_media":107895,"comment_status":"open","ping_status":"open","sticky":false,"template":"","format":"standard","meta":{"tdm_status":"","tdm_grid_status":"","_joinchat":[],"footnotes":""},"categories":[73],"tags":[],"class_list":{"0":"post-107894","1":"post","2":"type-post","3":"status-publish","4":"format-standard","5":"has-post-thumbnail","7":"category-noticias-general"},"amp_enabled":true,"_links":{"self":[{"href":"https:\/\/www.todoeldia.com\/index.php\/wp-json\/wp\/v2\/posts\/107894","targetHints":{"allow":["GET"]}}],"collection":[{"href":"https:\/\/www.todoeldia.com\/index.php\/wp-json\/wp\/v2\/posts"}],"about":[{"href":"https:\/\/www.todoeldia.com\/index.php\/wp-json\/wp\/v2\/types\/post"}],"author":[{"embeddable":true,"href":"https:\/\/www.todoeldia.com\/index.php\/wp-json\/wp\/v2\/users\/2"}],"replies":[{"embeddable":true,"href":"https:\/\/www.todoeldia.com\/index.php\/wp-json\/wp\/v2\/comments?post=107894"}],"version-history":[{"count":1,"href":"https:\/\/www.todoeldia.com\/index.php\/wp-json\/wp\/v2\/posts\/107894\/revisions"}],"predecessor-version":[{"id":107898,"href":"https:\/\/www.todoeldia.com\/index.php\/wp-json\/wp\/v2\/posts\/107894\/revisions\/107898"}],"wp:featuredmedia":[{"embeddable":true,"href":"https:\/\/www.todoeldia.com\/index.php\/wp-json\/wp\/v2\/media\/107895"}],"wp:attachment":[{"href":"https:\/\/www.todoeldia.com\/index.php\/wp-json\/wp\/v2\/media?parent=107894"}],"wp:term":[{"taxonomy":"category","embeddable":true,"href":"https:\/\/www.todoeldia.com\/index.php\/wp-json\/wp\/v2\/categories?post=107894"},{"taxonomy":"post_tag","embeddable":true,"href":"https:\/\/www.todoeldia.com\/index.php\/wp-json\/wp\/v2\/tags?post=107894"}],"curies":[{"name":"wp","href":"https:\/\/api.w.org\/{rel}","templated":true}]}}