{"id":107899,"date":"2026-03-09T12:38:30","date_gmt":"2026-03-09T15:38:30","guid":{"rendered":"https:\/\/www.todoeldia.com\/?p=107899"},"modified":"2026-03-09T14:45:00","modified_gmt":"2026-03-09T17:45:00","slug":"8-anos-y-6-meses-a-la-carcel-por-abusar-de-su-hija-de-17-anos","status":"publish","type":"post","link":"https:\/\/www.todoeldia.com\/index.php\/2026\/03\/09\/8-anos-y-6-meses-a-la-carcel-por-abusar-de-su-hija-de-17-anos\/","title":{"rendered":"8 a\u00f1os y 6 meses a la c\u00e1rcel por abusar de su hija de 17 a\u00f1os"},"content":{"rendered":"\n<p>Al momento del hecho, la v\u00edctima ten\u00eda 17 a\u00f1os, y el acusado utiliz\u00f3 su relaci\u00f3n de confianza y autoridad sobre ella para cometer el abuso.<\/p>\n\n\n\n<p>La&nbsp;fiscal penal, Celina Morales&nbsp;represent\u00f3 al&nbsp;Ministerio P\u00fablico Fiscal&nbsp;en la audiencia de debate contra un hombre de 53 a\u00f1os, acusado del delito de&nbsp;abuso sexual gravemente ultrajante, agravado por la guarda y la convivencia.<\/p>\n\n\n\n<figure class=\"wp-block-image size-full is-resized\"><img loading=\"lazy\" decoding=\"async\" width=\"768\" height=\"586\" src=\"https:\/\/www.todoeldia.com\/wp-content\/uploads\/2026\/03\/image-92.png\" alt=\"\" class=\"wp-image-107904\" style=\"width:1068px;height:auto\" srcset=\"https:\/\/www.todoeldia.com\/wp-content\/uploads\/2026\/03\/image-92.png 768w, https:\/\/www.todoeldia.com\/wp-content\/uploads\/2026\/03\/image-92-300x229.png 300w, https:\/\/www.todoeldia.com\/wp-content\/uploads\/2026\/03\/image-92-550x420.png 550w, https:\/\/www.todoeldia.com\/wp-content\/uploads\/2026\/03\/image-92-80x60.png 80w, https:\/\/www.todoeldia.com\/wp-content\/uploads\/2026\/03\/image-92-696x531.png 696w\" sizes=\"auto, (max-width: 768px) 100vw, 768px\" \/><\/figure>\n\n\n\n<p>El hecho denunciado tuvo lugar en la vivienda familiar, cuando el acusado abus\u00f3 sexualmente de su hija de 17 a\u00f1os mientras compart\u00edan la misma cama.<\/p>\n\n\n\n<p>La madre de la menor y pareja del acusado advirti\u00f3 que su hija se comportaba de manera extra\u00f1a. Durante una conversaci\u00f3n, la adolescente se mostr\u00f3 angustiada y comenz\u00f3 a llorar. Posteriormente, su hija mayor le confirm\u00f3 que su hermana hab\u00eda sido v\u00edctima de abuso.<\/p>\n\n\n\n<p>La v\u00edctima, por su parte, se resist\u00eda a radicar denuncia, puesto que el propio acusado le dec\u00eda que nadie le creer\u00eda y la trataba de mentirosa.<\/p>\n\n\n\n<p>Durante la audiencia, la perito psic\u00f3loga destac\u00f3 el profundo impacto personal que el abuso gener\u00f3 en la v\u00edctima. Los informes periciales respaldan el testimonio de la entonces menor de edad, evidenciando un relato consistente en el tiempo, que detalla c\u00f3mo el acusado intent\u00f3 silenciarla y&nbsp;la justificaci\u00f3n de g\u00e9nero \u2013por ser hombre-, usada por este para naturalizar el abuso.<\/p>\n\n\n\n<p>En los fundamentos de la acusaci\u00f3n, la fiscal Morales Torino sostuvo que se trata de un caso de una gravedad extrema, al tratarse de un padre que, lejos de cumplir con su rol de cuidado y protecci\u00f3n, utiliz\u00f3 la vulnerabilidad de su hija de 17 a\u00f1os para satisfacer sus impulsos sexuales.<\/p>\n\n\n\n<p>El juez Jos\u00e9 Luis Riera conden\u00f3 al acusado a la pena de ocho a\u00f1os y seis meses de prisi\u00f3n de cumplimiento efectivo, por considerarlo responsable en calidad de autor del delito de&nbsp;abuso sexual gravemente ultrajante agravado por la guarda y la convivencia preexistente con menor de 18 a\u00f1os.<\/p>\n","protected":false},"excerpt":{"rendered":"<p>Al momento del hecho, la v\u00edctima ten\u00eda 17 a\u00f1os, y el acusado utiliz\u00f3 su relaci\u00f3n de confianza y autoridad sobre ella para cometer el abuso. La&nbsp;fiscal penal, Celina Morales&nbsp;represent\u00f3 al&nbsp;Ministerio P\u00fablico Fiscal&nbsp;en la audiencia de debate contra un hombre de 53 a\u00f1os, acusado del delito de&nbsp;abuso sexual gravemente ultrajante, agravado por la guarda y la [&hellip;]<\/p>\n","protected":false},"author":2,"featured_media":46120,"comment_status":"open","ping_status":"open","sticky":false,"template":"","format":"standard","meta":{"tdm_status":"","tdm_grid_status":"","_joinchat":[],"footnotes":""},"categories":[73],"tags":[],"class_list":{"0":"post-107899","1":"post","2":"type-post","3":"status-publish","4":"format-standard","5":"has-post-thumbnail","7":"category-noticias-general"},"amp_enabled":true,"_links":{"self":[{"href":"https:\/\/www.todoeldia.com\/index.php\/wp-json\/wp\/v2\/posts\/107899","targetHints":{"allow":["GET"]}}],"collection":[{"href":"https:\/\/www.todoeldia.com\/index.php\/wp-json\/wp\/v2\/posts"}],"about":[{"href":"https:\/\/www.todoeldia.com\/index.php\/wp-json\/wp\/v2\/types\/post"}],"author":[{"embeddable":true,"href":"https:\/\/www.todoeldia.com\/index.php\/wp-json\/wp\/v2\/users\/2"}],"replies":[{"embeddable":true,"href":"https:\/\/www.todoeldia.com\/index.php\/wp-json\/wp\/v2\/comments?post=107899"}],"version-history":[{"count":2,"href":"https:\/\/www.todoeldia.com\/index.php\/wp-json\/wp\/v2\/posts\/107899\/revisions"}],"predecessor-version":[{"id":107905,"href":"https:\/\/www.todoeldia.com\/index.php\/wp-json\/wp\/v2\/posts\/107899\/revisions\/107905"}],"wp:featuredmedia":[{"embeddable":true,"href":"https:\/\/www.todoeldia.com\/index.php\/wp-json\/wp\/v2\/media\/46120"}],"wp:attachment":[{"href":"https:\/\/www.todoeldia.com\/index.php\/wp-json\/wp\/v2\/media?parent=107899"}],"wp:term":[{"taxonomy":"category","embeddable":true,"href":"https:\/\/www.todoeldia.com\/index.php\/wp-json\/wp\/v2\/categories?post=107899"},{"taxonomy":"post_tag","embeddable":true,"href":"https:\/\/www.todoeldia.com\/index.php\/wp-json\/wp\/v2\/tags?post=107899"}],"curies":[{"name":"wp","href":"https:\/\/api.w.org\/{rel}","templated":true}]}}