{"id":107906,"date":"2026-03-09T17:23:28","date_gmt":"2026-03-09T20:23:28","guid":{"rendered":"https:\/\/www.todoeldia.com\/?p=107906"},"modified":"2026-03-09T17:23:29","modified_gmt":"2026-03-09T20:23:29","slug":"la-crecida-del-rio-bermejo-provoco-inundaciones-y-aislamiento-en-parajes-del-chaco-salteno","status":"publish","type":"post","link":"https:\/\/www.todoeldia.com\/index.php\/2026\/03\/09\/la-crecida-del-rio-bermejo-provoco-inundaciones-y-aislamiento-en-parajes-del-chaco-salteno\/","title":{"rendered":"La crecida del r\u00edo Bermejo provoc\u00f3 inundaciones y aislamiento en parajes del chaco salte\u00f1o"},"content":{"rendered":"\n<p>El pico de la crecida del r\u00edo Bermejo lleg\u00f3 durante la madrugada al Chaco salte\u00f1o y provoc\u00f3 anegamientos en distintos parajes del departamento Rivadavia, especialmente en Rivadavia Banda Sur, donde varias comunidades rurales quedaron afectadas por el avance del agua.<\/p>\n\n\n\n<p>Entre los lugares m\u00e1s comprometidos se encuentran San Felipe, Cha\u00f1aral, La Toma, El Cocal y La Esperanza, donde el desborde del r\u00edo inund\u00f3 puestos, campos y dej\u00f3 caminos intransitables.<\/p>\n\n\n\n<p>La crecida se debe a las intensas lluvias registradas en la cuenca alta del Bermejo, en Bolivia, lo que gener\u00f3 un aumento significativo del caudal que impacta aguas abajo en territorio salte\u00f1o. La situaci\u00f3n se agrava adem\u00e1s por el incremento del nivel del r\u00edo Teuquito, que ya provoc\u00f3 inundaciones en el paraje El Divisadero, donde funciona la escuela Fort\u00edn Argentino, repiti\u00e9ndose en varios sectores la imagen de establecimientos educativos rodeados por el agua.<\/p>\n\n\n\n<p>Ante este escenario, el Ministerio de Desarrollo Social de Salta despleg\u00f3 equipos del Centro de Operaciones en la zona para evaluar la situaci\u00f3n y asistir a las familias afectadas. Durante la ma\u00f1ana una lancha fue enviada hacia parajes cercanos a La Uni\u00f3n para ayudar a pobladores que quedaron aislados, entre ellos una mujer de 80 a\u00f1os que ya hab\u00eda sido rescatada en la inundaci\u00f3n registrada el pasado 22 de enero.<\/p>\n\n\n\n<p>Las autoridades mantienen el monitoreo del r\u00edo y no descartan evacuaciones si el nivel contin\u00faa en ascenso, ya que se prev\u00e9n nuevas lluvias en la cuenca boliviana que podr\u00edan generar otro incremento del caudal en las pr\u00f3ximas horas.<\/p>\n","protected":false},"excerpt":{"rendered":"<p>El pico de la crecida del r\u00edo Bermejo lleg\u00f3 durante la madrugada al Chaco salte\u00f1o y provoc\u00f3 anegamientos en distintos parajes del departamento Rivadavia, especialmente en Rivadavia Banda Sur, donde varias comunidades rurales quedaron afectadas por el avance del agua. Entre los lugares m\u00e1s comprometidos se encuentran San Felipe, Cha\u00f1aral, La Toma, El Cocal y [&hellip;]<\/p>\n","protected":false},"author":2,"featured_media":74551,"comment_status":"open","ping_status":"open","sticky":false,"template":"","format":"standard","meta":{"tdm_status":"","tdm_grid_status":"","_joinchat":[],"footnotes":""},"categories":[73],"tags":[],"class_list":{"0":"post-107906","1":"post","2":"type-post","3":"status-publish","4":"format-standard","5":"has-post-thumbnail","7":"category-noticias-general"},"amp_enabled":true,"_links":{"self":[{"href":"https:\/\/www.todoeldia.com\/index.php\/wp-json\/wp\/v2\/posts\/107906","targetHints":{"allow":["GET"]}}],"collection":[{"href":"https:\/\/www.todoeldia.com\/index.php\/wp-json\/wp\/v2\/posts"}],"about":[{"href":"https:\/\/www.todoeldia.com\/index.php\/wp-json\/wp\/v2\/types\/post"}],"author":[{"embeddable":true,"href":"https:\/\/www.todoeldia.com\/index.php\/wp-json\/wp\/v2\/users\/2"}],"replies":[{"embeddable":true,"href":"https:\/\/www.todoeldia.com\/index.php\/wp-json\/wp\/v2\/comments?post=107906"}],"version-history":[{"count":1,"href":"https:\/\/www.todoeldia.com\/index.php\/wp-json\/wp\/v2\/posts\/107906\/revisions"}],"predecessor-version":[{"id":107907,"href":"https:\/\/www.todoeldia.com\/index.php\/wp-json\/wp\/v2\/posts\/107906\/revisions\/107907"}],"wp:featuredmedia":[{"embeddable":true,"href":"https:\/\/www.todoeldia.com\/index.php\/wp-json\/wp\/v2\/media\/74551"}],"wp:attachment":[{"href":"https:\/\/www.todoeldia.com\/index.php\/wp-json\/wp\/v2\/media?parent=107906"}],"wp:term":[{"taxonomy":"category","embeddable":true,"href":"https:\/\/www.todoeldia.com\/index.php\/wp-json\/wp\/v2\/categories?post=107906"},{"taxonomy":"post_tag","embeddable":true,"href":"https:\/\/www.todoeldia.com\/index.php\/wp-json\/wp\/v2\/tags?post=107906"}],"curies":[{"name":"wp","href":"https:\/\/api.w.org\/{rel}","templated":true}]}}