{"id":107935,"date":"2026-03-10T14:16:08","date_gmt":"2026-03-10T17:16:08","guid":{"rendered":"https:\/\/www.todoeldia.com\/?p=107935"},"modified":"2026-03-10T14:16:09","modified_gmt":"2026-03-10T17:16:09","slug":"con-bioquimicos-y-odontologos-con-cortes-de-servicio-finaliza-la-intervencion-del-ips","status":"publish","type":"post","link":"https:\/\/www.todoeldia.com\/index.php\/2026\/03\/10\/con-bioquimicos-y-odontologos-con-cortes-de-servicio-finaliza-la-intervencion-del-ips\/","title":{"rendered":"Con bioqu\u00edmicos y odont\u00f3logos con cortes de servicio finaliza la intervenci\u00f3n del IPS"},"content":{"rendered":"\n<p>El Gobierno de la Provincia informa que ma\u00f1ana concluye la etapa de intervenci\u00f3n administrativa del Instituto Provincial de Salud (IPS). En este marco, la conducci\u00f3n del organismo quedar\u00e1 a cargo de Mart\u00edn Baccaro.<\/p>\n\n\n\n<p>Como paso previo a su puesta en funciones, el ministro de Salud P\u00fablica, Federico Mangione, recibi\u00f3 a Baccaro para delinear los ejes de trabajo inmediatos. Durante el encuentro, ambos funcionarios coincidieron en la necesidad de que la obra social funcione en absoluta sinton\u00eda con las pol\u00edticas sanitarias marcadas por la cartera de Salud.<\/p>\n\n\n\n<p>Se estableci\u00f3 que el trabajo en equipo es la \u00fanica v\u00eda para garantizar la sostenibilidad y la eficiencia del sistema, asegurando que el organismo responda de manera coordinada a las necesidades de sus afiliados.<\/p>\n\n\n\n<p>&#8220;El IPS debe trabajar de forma integrada con el Ministerio. Esa unidad de criterio es fundamental para fortalecer la atenci\u00f3n sanitaria en toda la provincia&#8221;, destac\u00f3 el ministro Mangione.<\/p>\n\n\n\n<p>Acto de puesta en funciones<\/p>\n\n\n\n<p>La asunci\u00f3n formal de Mart\u00edn Baccaro al frente del organismo se realizar\u00e1 ma\u00f1ana, mi\u00e9rcoles 11 de marzo, a las 11 en la Sala de Prensa del Centro C\u00edvico Grand Bourg. El acto estar\u00e1 encabezado por el jefe de Gabinete, Sergio Camacho.<\/p>\n\n\n\n<p>Se recuerda que el Gobierno, mediante el Decreto N\u00b0108, dispuso la intervenci\u00f3n administrativa del Instituto Provincial de Salud (IPS), el 25 de febrero de 2025 por el lapso de 180 d\u00edas y luego por el Decreto 527, se estableci\u00f3 la pr\u00f3rroga por tres meses m\u00e1s.<\/p>\n","protected":false},"excerpt":{"rendered":"<p>El Gobierno de la Provincia informa que ma\u00f1ana concluye la etapa de intervenci\u00f3n administrativa del Instituto Provincial de Salud (IPS). En este marco, la conducci\u00f3n del organismo quedar\u00e1 a cargo de Mart\u00edn Baccaro. Como paso previo a su puesta en funciones, el ministro de Salud P\u00fablica, Federico Mangione, recibi\u00f3 a Baccaro para delinear los ejes [&hellip;]<\/p>\n","protected":false},"author":2,"featured_media":31886,"comment_status":"open","ping_status":"open","sticky":false,"template":"","format":"standard","meta":{"tdm_status":"","tdm_grid_status":"","_joinchat":[],"footnotes":""},"categories":[73],"tags":[],"class_list":{"0":"post-107935","1":"post","2":"type-post","3":"status-publish","4":"format-standard","5":"has-post-thumbnail","7":"category-noticias-general"},"amp_enabled":true,"_links":{"self":[{"href":"https:\/\/www.todoeldia.com\/index.php\/wp-json\/wp\/v2\/posts\/107935","targetHints":{"allow":["GET"]}}],"collection":[{"href":"https:\/\/www.todoeldia.com\/index.php\/wp-json\/wp\/v2\/posts"}],"about":[{"href":"https:\/\/www.todoeldia.com\/index.php\/wp-json\/wp\/v2\/types\/post"}],"author":[{"embeddable":true,"href":"https:\/\/www.todoeldia.com\/index.php\/wp-json\/wp\/v2\/users\/2"}],"replies":[{"embeddable":true,"href":"https:\/\/www.todoeldia.com\/index.php\/wp-json\/wp\/v2\/comments?post=107935"}],"version-history":[{"count":1,"href":"https:\/\/www.todoeldia.com\/index.php\/wp-json\/wp\/v2\/posts\/107935\/revisions"}],"predecessor-version":[{"id":107936,"href":"https:\/\/www.todoeldia.com\/index.php\/wp-json\/wp\/v2\/posts\/107935\/revisions\/107936"}],"wp:featuredmedia":[{"embeddable":true,"href":"https:\/\/www.todoeldia.com\/index.php\/wp-json\/wp\/v2\/media\/31886"}],"wp:attachment":[{"href":"https:\/\/www.todoeldia.com\/index.php\/wp-json\/wp\/v2\/media?parent=107935"}],"wp:term":[{"taxonomy":"category","embeddable":true,"href":"https:\/\/www.todoeldia.com\/index.php\/wp-json\/wp\/v2\/categories?post=107935"},{"taxonomy":"post_tag","embeddable":true,"href":"https:\/\/www.todoeldia.com\/index.php\/wp-json\/wp\/v2\/tags?post=107935"}],"curies":[{"name":"wp","href":"https:\/\/api.w.org\/{rel}","templated":true}]}}