{"id":107940,"date":"2026-03-10T19:05:13","date_gmt":"2026-03-10T22:05:13","guid":{"rendered":"https:\/\/www.todoeldia.com\/?p=107940"},"modified":"2026-03-10T19:05:14","modified_gmt":"2026-03-10T22:05:14","slug":"odontologos-plantearon-en-el-senado-los-problemas-que-afrontan-con-el-ips","status":"publish","type":"post","link":"https:\/\/www.todoeldia.com\/index.php\/2026\/03\/10\/odontologos-plantearon-en-el-senado-los-problemas-que-afrontan-con-el-ips\/","title":{"rendered":"Odont\u00f3logos plantearon en el Senado los problemas que afrontan con el IPS"},"content":{"rendered":"\n<p>Representantes de la Asociaci\u00f3n, el C\u00edrculo y la Sociedad de Odont\u00f3logos de Salta detallaron ante la Comisi\u00f3n de Salud del Senado la situaci\u00f3n que atraviesa el sector por el desfasaje de aranceles, la mora en los pagos y las complicaciones con el sistema de auditor\u00eda digital.<\/p>\n\n\n\n<p>La Comisi\u00f3n de Salud y Seguridad Social del Senado recibi\u00f3 este martes a las autoridades de las tres entidades que nuclean a los profesionales odont\u00f3logos de la provincia. El objetivo del encuentro fue analizar la situaci\u00f3n prestacional con el Instituto de Seguros de Salta (IPS) y buscar mecanismos que garanticen la sostenibilidad del servicio para los afiliados y condiciones dignas para los prestadores.<\/p>\n\n\n\n<p>Participaron el presidente de la Comisi\u00f3n de Salud, Manuel Pailler, junto a los senadores, Gonzalo Guaym\u00e1s y Leonor Minetti; mientras que en representaci\u00f3n de las instituciones profesionales asistieron; Marcela Tejerina (Pte.) y Cecilia Fern\u00e1ndez, por la Asociaci\u00f3n Odontol\u00f3gica de Salta; Viviana Peccia (Pte.) y Agust\u00edn Alonso, por el C\u00edrculo de Odont\u00f3logos de Salta y Guadalupe Garc\u00eda (Pte.) por la Sociedad de Odont\u00f3logos de Salta.<\/p>\n\n\n\n<figure class=\"wp-block-image size-large\"><img loading=\"lazy\" decoding=\"async\" width=\"1024\" height=\"535\" src=\"https:\/\/www.todoeldia.com\/wp-content\/uploads\/2026\/03\/image-96-1024x535.png\" alt=\"\" class=\"wp-image-107942\" srcset=\"https:\/\/www.todoeldia.com\/wp-content\/uploads\/2026\/03\/image-96-1024x535.png 1024w, https:\/\/www.todoeldia.com\/wp-content\/uploads\/2026\/03\/image-96-300x157.png 300w, https:\/\/www.todoeldia.com\/wp-content\/uploads\/2026\/03\/image-96-768x402.png 768w, https:\/\/www.todoeldia.com\/wp-content\/uploads\/2026\/03\/image-96-803x420.png 803w, https:\/\/www.todoeldia.com\/wp-content\/uploads\/2026\/03\/image-96-696x364.png 696w, https:\/\/www.todoeldia.com\/wp-content\/uploads\/2026\/03\/image-96-1068x558.png 1068w, https:\/\/www.todoeldia.com\/wp-content\/uploads\/2026\/03\/image-96.png 1138w\" sizes=\"auto, (max-width: 1024px) 100vw, 1024px\" \/><\/figure>\n\n\n\n<p>Los profesionales expusieron la problem\u00e1tica vinculada a los plazos de pago, se\u00f1alando que los desembolsos que deber\u00edan realizarse a 30 d\u00edas se dilatan actualmente entre 50 y 60 d\u00edas, pagaderos en dos partes de 50% cada uno.<\/p>\n\n\n\n<p>Paralelamente se indic\u00f3 que el sector registra una p\u00e9rdida del poder adquisitivo estimada en un 25% respecto a enero de 2025, debido a que los aranceles aumentaron un 9% en el primer semestre frente a una inflaci\u00f3n del 32%.<\/p>\n\n\n\n<p>Agregaron que, desde el inicio de la pandemia, se produjo una reducci\u00f3n en la cobertura prestacional, pasando de cuatro prestaciones autorizadas a solo dos por mes.<\/p>\n\n\n\n<p>Desde el sector odontol\u00f3gico manifestaron que la situaci\u00f3n actual deriv\u00f3 en medidas de \u201cquita de colaboraci\u00f3n\u201d y subrayaron la necesidad de avanzar hacia un nuevo convenio prestacional, tema que fue planteado tambi\u00e9n al ministro de salud, Federico Mangione.<\/p>\n\n\n\n<p>En cuanto a la auditor\u00eda y el sistema operativo, las entidades denunciaron que el m\u00e9todo de comprobaci\u00f3n mediante el env\u00edo de fotograf\u00edas por WhatsApp es \u201cengorroso\u201d y compromete en manos del profesional la privacidad de datos sensibles, adem\u00e1s de delegar en el profesional tareas administrativas propias de la obra social, por lo que pidieron mejorar el mecanismo, sus filtros y tiempos de vigencia, dado que la autorizaci\u00f3n por Token, cuando se debe generar uno por cada prestaci\u00f3n, deriva en p\u00e9rdida de tiempo con el paciente en el consultorio.<\/p>\n\n\n\n<p>En cuanto al volumen de atenci\u00f3n, las instituciones detallaron una ca\u00edda en la cantidad de pacientes del IPS. Precisaron que, antes de la pandemia, los afiliados de la obra social representaban el 80% de las consultas, con un promedio de 15 mil fichas mensuales. Actualmente, esa cifra descendi\u00f3 a 12 mil fichas, lo que representa solo el 60% del volumen total de trabajo de los consultorios.<\/p>\n","protected":false},"excerpt":{"rendered":"<p>Representantes de la Asociaci\u00f3n, el C\u00edrculo y la Sociedad de Odont\u00f3logos de Salta detallaron ante la Comisi\u00f3n de Salud del Senado la situaci\u00f3n que atraviesa el sector por el desfasaje de aranceles, la mora en los pagos y las complicaciones con el sistema de auditor\u00eda digital. La Comisi\u00f3n de Salud y Seguridad Social del Senado [&hellip;]<\/p>\n","protected":false},"author":2,"featured_media":107941,"comment_status":"open","ping_status":"open","sticky":false,"template":"","format":"standard","meta":{"tdm_status":"","tdm_grid_status":"","_joinchat":[],"footnotes":""},"categories":[73],"tags":[],"class_list":{"0":"post-107940","1":"post","2":"type-post","3":"status-publish","4":"format-standard","5":"has-post-thumbnail","7":"category-noticias-general"},"amp_enabled":true,"_links":{"self":[{"href":"https:\/\/www.todoeldia.com\/index.php\/wp-json\/wp\/v2\/posts\/107940","targetHints":{"allow":["GET"]}}],"collection":[{"href":"https:\/\/www.todoeldia.com\/index.php\/wp-json\/wp\/v2\/posts"}],"about":[{"href":"https:\/\/www.todoeldia.com\/index.php\/wp-json\/wp\/v2\/types\/post"}],"author":[{"embeddable":true,"href":"https:\/\/www.todoeldia.com\/index.php\/wp-json\/wp\/v2\/users\/2"}],"replies":[{"embeddable":true,"href":"https:\/\/www.todoeldia.com\/index.php\/wp-json\/wp\/v2\/comments?post=107940"}],"version-history":[{"count":1,"href":"https:\/\/www.todoeldia.com\/index.php\/wp-json\/wp\/v2\/posts\/107940\/revisions"}],"predecessor-version":[{"id":107943,"href":"https:\/\/www.todoeldia.com\/index.php\/wp-json\/wp\/v2\/posts\/107940\/revisions\/107943"}],"wp:featuredmedia":[{"embeddable":true,"href":"https:\/\/www.todoeldia.com\/index.php\/wp-json\/wp\/v2\/media\/107941"}],"wp:attachment":[{"href":"https:\/\/www.todoeldia.com\/index.php\/wp-json\/wp\/v2\/media?parent=107940"}],"wp:term":[{"taxonomy":"category","embeddable":true,"href":"https:\/\/www.todoeldia.com\/index.php\/wp-json\/wp\/v2\/categories?post=107940"},{"taxonomy":"post_tag","embeddable":true,"href":"https:\/\/www.todoeldia.com\/index.php\/wp-json\/wp\/v2\/tags?post=107940"}],"curies":[{"name":"wp","href":"https:\/\/api.w.org\/{rel}","templated":true}]}}