{"id":107945,"date":"2026-03-11T10:17:48","date_gmt":"2026-03-11T13:17:48","guid":{"rendered":"https:\/\/www.todoeldia.com\/?p=107945"},"modified":"2026-03-11T10:17:49","modified_gmt":"2026-03-11T13:17:49","slug":"volvio-a-llover-y-la-merced-quedo-bajo-el-agua","status":"publish","type":"post","link":"https:\/\/www.todoeldia.com\/index.php\/2026\/03\/11\/volvio-a-llover-y-la-merced-quedo-bajo-el-agua\/","title":{"rendered":"Volvi\u00f3 a llover y La Merced quedo bajo el agua"},"content":{"rendered":"\n<p>La Merced vuelve a quedar bajo el agua y la ruta nacional 68 se cort\u00f3 por anegamiento. La circulaci\u00f3n en un tramo qued\u00f3 interrumpida mientras el pueblo atraviesa otra jornada complicada por la crecida.<\/p>\n\n\n\n<p>En La Merced, la bronca de los vecinos volvi\u00f3 a explotar. La calle San Mart\u00edn, sobre la Ruta Nacional 68, qued\u00f3 nuevamente convertida en un verdadero r\u00edo intransitable.<\/p>\n\n\n\n<figure class=\"wp-block-image size-full is-resized\"><img loading=\"lazy\" decoding=\"async\" width=\"764\" height=\"478\" src=\"https:\/\/www.todoeldia.com\/wp-content\/uploads\/2026\/03\/La-merced-bajo-agua-1.jpg\" alt=\"\" class=\"wp-image-107947\" style=\"width:1057px;height:auto\" srcset=\"https:\/\/www.todoeldia.com\/wp-content\/uploads\/2026\/03\/La-merced-bajo-agua-1.jpg 764w, https:\/\/www.todoeldia.com\/wp-content\/uploads\/2026\/03\/La-merced-bajo-agua-1-300x188.jpg 300w, https:\/\/www.todoeldia.com\/wp-content\/uploads\/2026\/03\/La-merced-bajo-agua-1-671x420.jpg 671w, https:\/\/www.todoeldia.com\/wp-content\/uploads\/2026\/03\/La-merced-bajo-agua-1-696x435.jpg 696w\" sizes=\"auto, (max-width: 764px) 100vw, 764px\" \/><\/figure>\n\n\n\n<p>Lo m\u00e1s indignante, aseguran quienes viven en la zona, es que muchas veces ni siquiera llueve, pero igual el agua baja con fuerza y queda estancada durante d\u00edas o incluso semanas.<\/p>\n\n\n\n<p>Una vecina expres\u00f3 su hartazgo en redes sociales:<\/p>\n\n\n\n<p>&#8220;Esta es la realidad que vivimos en La Merced, sobre todo los que padecemos la calle San Mart\u00edn. Somos los primeros perjudicados. A veces ni siquiera llueve y el agua igual baja y se queda semanas enteras.&#8221;<\/p>\n\n\n\n<p>&nbsp;&#8220;Ya estamos cansados de que nos digan que esto viene de a\u00f1os. Yo me crie aqu\u00ed y lo s\u00e9 perfectamente, pero a este nivel de desidia jam\u00e1s estuvo el pueblo, por m\u00e1s que quieran llamarlo ciudad.&#8221;<\/p>\n","protected":false},"excerpt":{"rendered":"<p>La Merced vuelve a quedar bajo el agua y la ruta nacional 68 se cort\u00f3 por anegamiento. La circulaci\u00f3n en un tramo qued\u00f3 interrumpida mientras el pueblo atraviesa otra jornada complicada por la crecida. En La Merced, la bronca de los vecinos volvi\u00f3 a explotar. La calle San Mart\u00edn, sobre la Ruta Nacional 68, qued\u00f3 [&hellip;]<\/p>\n","protected":false},"author":2,"featured_media":107946,"comment_status":"open","ping_status":"open","sticky":false,"template":"","format":"standard","meta":{"tdm_status":"","tdm_grid_status":"","_joinchat":[],"footnotes":""},"categories":[73],"tags":[],"class_list":{"0":"post-107945","1":"post","2":"type-post","3":"status-publish","4":"format-standard","5":"has-post-thumbnail","7":"category-noticias-general"},"amp_enabled":true,"_links":{"self":[{"href":"https:\/\/www.todoeldia.com\/index.php\/wp-json\/wp\/v2\/posts\/107945","targetHints":{"allow":["GET"]}}],"collection":[{"href":"https:\/\/www.todoeldia.com\/index.php\/wp-json\/wp\/v2\/posts"}],"about":[{"href":"https:\/\/www.todoeldia.com\/index.php\/wp-json\/wp\/v2\/types\/post"}],"author":[{"embeddable":true,"href":"https:\/\/www.todoeldia.com\/index.php\/wp-json\/wp\/v2\/users\/2"}],"replies":[{"embeddable":true,"href":"https:\/\/www.todoeldia.com\/index.php\/wp-json\/wp\/v2\/comments?post=107945"}],"version-history":[{"count":1,"href":"https:\/\/www.todoeldia.com\/index.php\/wp-json\/wp\/v2\/posts\/107945\/revisions"}],"predecessor-version":[{"id":107948,"href":"https:\/\/www.todoeldia.com\/index.php\/wp-json\/wp\/v2\/posts\/107945\/revisions\/107948"}],"wp:featuredmedia":[{"embeddable":true,"href":"https:\/\/www.todoeldia.com\/index.php\/wp-json\/wp\/v2\/media\/107946"}],"wp:attachment":[{"href":"https:\/\/www.todoeldia.com\/index.php\/wp-json\/wp\/v2\/media?parent=107945"}],"wp:term":[{"taxonomy":"category","embeddable":true,"href":"https:\/\/www.todoeldia.com\/index.php\/wp-json\/wp\/v2\/categories?post=107945"},{"taxonomy":"post_tag","embeddable":true,"href":"https:\/\/www.todoeldia.com\/index.php\/wp-json\/wp\/v2\/tags?post=107945"}],"curies":[{"name":"wp","href":"https:\/\/api.w.org\/{rel}","templated":true}]}}