{"id":107954,"date":"2026-03-11T10:41:00","date_gmt":"2026-03-11T13:41:00","guid":{"rendered":"https:\/\/www.todoeldia.com\/?p=107954"},"modified":"2026-03-11T10:41:01","modified_gmt":"2026-03-11T13:41:01","slug":"prision-preventiva-para-una-mujer-trans-que-abuso-de-un-salteno-discapacitado","status":"publish","type":"post","link":"https:\/\/www.todoeldia.com\/index.php\/2026\/03\/11\/prision-preventiva-para-una-mujer-trans-que-abuso-de-un-salteno-discapacitado\/","title":{"rendered":"Prisi\u00f3n preventiva para una mujer trans que abus\u00f3 de un salte\u00f1o discapacitado"},"content":{"rendered":"\n<p>El hecho qued\u00f3 agravado por ser ella portadora de VIH seg\u00fan confes\u00f3 en sede fiscal cuando qued\u00f3 detenida.<\/p>\n\n\n\n<p>Un hombre de 33 a\u00f1os fue v\u00edctima de un abuso sexual por parte de una persona identificada como mujer trans. El hecho sucedi\u00f3 en octubre del a\u00f1o pasado en la ciudad de Salta en un pasaje oscuro. La denuncia la radic\u00f3 el t\u00edo de la v\u00edctima, que si bien es mayor de edad cuenta con certificado \u00fanico de discapacidad.<\/p>\n\n\n\n<p>El denunciante cont\u00f3 que entre la 1 y las 2 de la ma\u00f1ana del 5 de octubre pasado lo llam\u00f3 su hermana para que vaya hasta su casa porque algo hab\u00eda pasado con su sobrino. Cuando lleg\u00f3 al lugar ya estaba la polic\u00eda ah\u00ed, su hermana los hab\u00eda llamado tambi\u00e9n porque alguien hab\u00eda abusado de su hijo. La mujer le explic\u00f3 a su hermano que hab\u00eda llevado a su hijo al ba\u00f1o porque le vio chupones en el cuello, y que lo revis\u00f3 y vio que ten\u00eda sangre en la cola.<\/p>\n\n\n\n<p>Durante su declaraci\u00f3n en C\u00e1mara Gessel la v\u00edctima, un hombre de 33 a\u00f1os, explic\u00f3 que lo conoc\u00eda al acusado y que era buenito, entonces cuando lo invit\u00f3 a ir con \u00e9l le dijo que s\u00ed. Lo llev\u00f3 a un pasaje y all\u00ed abus\u00f3 de \u00e9l, aunque tuvo que explicar lo sucedido con los mu\u00f1ecos, porque no conoc\u00eda los nombres de las partes \u00edntimas y no entend\u00eda lo que hab\u00eda pasado.<\/p>\n\n\n\n<p>Durante una audiencia flexible y multiprop\u00f3sito el acusado, que en su documento de identidad tiene un nombre masculino, dijo llamarse de otra manera y aport\u00f3 un nombre femenino. Adem\u00e1s dijo ser portadora positiva de HIV.<\/p>\n\n\n\n<p>El juez de Garant\u00edas interviniente escuch\u00f3 a las partes, y tras los fundamentos de cada uno dict\u00f3 la prisi\u00f3n preventiva para la mujer de 33 a\u00f1os, quien permanecer\u00e1 detenida en la Alcaid\u00eda General. Fue acusada como presunta autora de los delitos de abuso sexual con acceso carnal agravado por tener conocimiento de padecer una enfermedad de transmisi\u00f3n sexual grave en concurso real con coacci\u00f3n.<\/p>\n","protected":false},"excerpt":{"rendered":"<p>El hecho qued\u00f3 agravado por ser ella portadora de VIH seg\u00fan confes\u00f3 en sede fiscal cuando qued\u00f3 detenida. Un hombre de 33 a\u00f1os fue v\u00edctima de un abuso sexual por parte de una persona identificada como mujer trans. El hecho sucedi\u00f3 en octubre del a\u00f1o pasado en la ciudad de Salta en un pasaje oscuro. [&hellip;]<\/p>\n","protected":false},"author":2,"featured_media":19763,"comment_status":"open","ping_status":"open","sticky":false,"template":"","format":"standard","meta":{"tdm_status":"","tdm_grid_status":"","_joinchat":[],"footnotes":""},"categories":[73],"tags":[],"class_list":{"0":"post-107954","1":"post","2":"type-post","3":"status-publish","4":"format-standard","5":"has-post-thumbnail","7":"category-noticias-general"},"amp_enabled":true,"_links":{"self":[{"href":"https:\/\/www.todoeldia.com\/index.php\/wp-json\/wp\/v2\/posts\/107954","targetHints":{"allow":["GET"]}}],"collection":[{"href":"https:\/\/www.todoeldia.com\/index.php\/wp-json\/wp\/v2\/posts"}],"about":[{"href":"https:\/\/www.todoeldia.com\/index.php\/wp-json\/wp\/v2\/types\/post"}],"author":[{"embeddable":true,"href":"https:\/\/www.todoeldia.com\/index.php\/wp-json\/wp\/v2\/users\/2"}],"replies":[{"embeddable":true,"href":"https:\/\/www.todoeldia.com\/index.php\/wp-json\/wp\/v2\/comments?post=107954"}],"version-history":[{"count":1,"href":"https:\/\/www.todoeldia.com\/index.php\/wp-json\/wp\/v2\/posts\/107954\/revisions"}],"predecessor-version":[{"id":107955,"href":"https:\/\/www.todoeldia.com\/index.php\/wp-json\/wp\/v2\/posts\/107954\/revisions\/107955"}],"wp:featuredmedia":[{"embeddable":true,"href":"https:\/\/www.todoeldia.com\/index.php\/wp-json\/wp\/v2\/media\/19763"}],"wp:attachment":[{"href":"https:\/\/www.todoeldia.com\/index.php\/wp-json\/wp\/v2\/media?parent=107954"}],"wp:term":[{"taxonomy":"category","embeddable":true,"href":"https:\/\/www.todoeldia.com\/index.php\/wp-json\/wp\/v2\/categories?post=107954"},{"taxonomy":"post_tag","embeddable":true,"href":"https:\/\/www.todoeldia.com\/index.php\/wp-json\/wp\/v2\/tags?post=107954"}],"curies":[{"name":"wp","href":"https:\/\/api.w.org\/{rel}","templated":true}]}}