{"id":107976,"date":"2026-03-11T11:36:10","date_gmt":"2026-03-11T14:36:10","guid":{"rendered":"https:\/\/www.todoeldia.com\/?p=107976"},"modified":"2026-03-11T11:36:11","modified_gmt":"2026-03-11T14:36:11","slug":"milei-anuncia-que-desapareceran-sectores-daninos-macri-y-rocca-le-responden-con-fotos-con-kicillof-y-lula-por-marcos-novaro","status":"publish","type":"post","link":"https:\/\/www.todoeldia.com\/index.php\/2026\/03\/11\/milei-anuncia-que-desapareceran-sectores-daninos-macri-y-rocca-le-responden-con-fotos-con-kicillof-y-lula-por-marcos-novaro\/","title":{"rendered":"Milei anuncia que desaparecer\u00e1n \u201csectores da\u00f1inos\u201d; Macri y Rocca le responden con fotos con Kicillof y Lula. Por Marcos Novaro"},"content":{"rendered":"\n<p>El Presidente ha vuelto a plantear la lucha pol\u00edtica en t\u00e9rminos de suma cero: el pa\u00eds va a prosperar, seg\u00fan \u00e9l, no cuando sus contrincantes cooperen con su programa, sino cuando desaparezcan. Pero est\u00e1 dejando afuera a demasiados actores con m\u00e1s recursos para resistir esa opci\u00f3n de los que \u00e9l calcula.<\/p>\n\n\n\n<p>Ayer en ExpoAgro, Mauricio Macri se dio un apret\u00f3n de manos con Kicillof mientras compart\u00edan mesa en la tradicional cena inaugural del encuentro, tal vez, m\u00e1s importante del sector. \u201cNo hablamos porque no tuvimos oportunidad, pero lo salud\u00e9 como corresponde\u201d, dijo Macri sobre su gesto hacia el l\u00edder kirchnerista. \u201cLo quiero mucho\u201d, remat\u00f3, como anticipando que le importaban tres r\u00e1banos las cr\u00edticas que iba a recibir de los trolls mileistas por su actitud \u201cconciliadora\u201d.<\/p>\n\n\n\n<p>D\u00edas atr\u00e1s, Paolo Rocca, alias Don Chatarr\u00edn, se permiti\u00f3 m\u00e1s que una foto protocolar con otro adversario pol\u00edtico jurado del mileismo: comparti\u00f3 con Lula Da Silva la ceremonia de inauguraci\u00f3n de una escuela t\u00e9cnica creada por Ternium junto a una de sus plantas en Brasil, y entre sonrisas y palmadas en el hombro con el presidente brasile\u00f1o, declar\u00f3: \u201cNuestras empresas invierten en educaci\u00f3n t\u00e9cnica porque creemos en el papel central de la industria en el desarrollo econ\u00f3mico y social de Brasil, y de todos los pa\u00edses donde operamos\u201d. Un reproche para nada sutil sobre lo que cree que est\u00e1 faltando en Argentina.<\/p>\n\n\n\n<p>Milei arranc\u00f3 el a\u00f1o pol\u00edtico, con su discurso de inauguraci\u00f3n de sesiones legislativas, anunciando dos peleas a muerte que espera liquidar este 2026 contra enemigos que no duda en calificar de irreconciliables. Y de quienes espera, por tanto, no que se adapten al nuevo orden de cosas, ni que acepten sentarse a negociar con \u00e9l alguna forma de transici\u00f3n, coexistencia o, siquiera, una rendici\u00f3n condicionada, sino simplemente que desaparezcan. \u201cRendici\u00f3n total\u201d, como exige Trump a los Ayatollahs.<\/p>\n\n\n\n<p>Esos dos enemigos son los kirchneristas y los empresarios prebendarios. Dos categor\u00edas de personajes que ser\u00edan algo as\u00ed como el summum del mal, los mayores responsables del fracaso argentino, y por tanto, imperdonables e irrecuperables.<\/p>\n\n\n\n<p>Un mensaje claro<\/p>\n\n\n\n<p>Para que el mensaje quedara a\u00fan m\u00e1s clarito, lo repiti\u00f3 nada menos que en la Argentina Week, el evento de mayor exposici\u00f3n internacional de su gobierno durante este a\u00f1o, y con el que est\u00e1 buscando consolidar la confianza de los inversores externos en su programa econ\u00f3mico y acelerar la llegada de capitales. Repiti\u00f3 all\u00ed conceptos que ya hab\u00eda vertido en una entrevista televisiva d\u00edas antes de viajar a Nueva York: que el kirchnerismo ya est\u00e1 desapareciendo, as\u00ed que el \u201criesgo pol\u00edtico\u201d hasta aqu\u00ed muy alto en nuestro pa\u00eds va a tender a cero en el futuro pr\u00f3ximo, y que no le va a temblar el pulso si por la pol\u00edtica de reformas y apertura tambi\u00e9n desaparecen \u201csectores\u201d que le hacen da\u00f1o a la econom\u00eda del pa\u00eds \u201ccazando en el zool\u00f3gico\u201d, dedic\u00e1ndose a captar rentas extraordinarias con reglas ama\u00f1adas que limitan la competencia y fijan precios muy por encima de los internacionales.<\/p>\n\n\n\n<p>En la entrevista televisiva, agreg\u00f3 una referencia esperanzadora: \u201cVan a desaparecer si no se adaptan\u201d. Pero en su discurso en la Argentina Week fue mucho m\u00e1s duro, directo e implacable: \u201cTenemos gente mala, pero adem\u00e1s creativa para el mal. Todos saben que en las \u00faltimas semanas tuve confrontaciones abiertas con Paolo Rocca, con Javier Madanes Quintanilla y con el sector textil, pero como nadie me puso una cara visible, no puedo atacar de manera directa. Lo que puedo decir que los otros dos son empresarios prebendarios\u2026 &#8220;<\/p>\n\n\n\n<p>Y continu\u00f3: \u201cUn d\u00eda antes de que la reforma laboral fuera tratada en el Congreso nos tir\u00f3 a los 900 trabajadores en la calle (en referencia a Madanes). No es un juego de ni\u00f1os. Lo que va a ocurrir es que las personas ahora van a ahorrar y van a poder gastar en distintos sectores de la econom\u00eda\u2026. Si es tan evidente, entonces \u00bfpor qu\u00e9 hay un pol\u00edtico que defiende esto? Es l\u00f3gico: es corrupci\u00f3n. Sostienen ese sistema porque sostiene la corrupci\u00f3n. Los Kirchner cuando insultaban a Rocca no lo insultaban porque lo odiaran sino porque negociaban la coima\u201c.<\/p>\n\n\n\n<p>Seguramente con la dureza de su discurso, el Presidente quiso recuperar el control de la pelota tras la foto y las declaraciones de Rocca en R\u00edo de Janeiro. Pero la pregunta del mill\u00f3n es: \u00bfest\u00e1 queriendo acorralarlo para negociar en mejores t\u00e9rminos con \u00e9l, o porque realmente no le importa si Techint deja de invertir en la Argentina y privilegia, como ha venido haciendo, en verdad, m\u00e1s o menos desde el inicio del kirchnerismo, a Brasil, M\u00e9xico y otros de los pa\u00edses \u201cen los que opera\u201d?<\/p>\n\n\n\n<p>\u00bfConfrontaci\u00f3n exagerada?<\/p>\n\n\n\n<p>Muchas veces lo hemos visto ya a Milei exagerar la confrontaci\u00f3n, para despu\u00e9s acomodarse a los t\u00e9rminos disponibles de negociaci\u00f3n, cuando ella le resulta m\u00e1s provechosa que seguir tirando cascotazos. Pero en algunas ocasiones tambi\u00e9n lo vimos perdiendo tiempo y recursos en enfrentamientos que no puede saldar a su favor, simplemente porque sobrevalora sus capacidades. Y teniendo que retroceder desordenadamente sobre sus pasos, cuando descubre, algo tarde, que los adversarios tienen espalda para aguantar sus agresiones y amenazas.<\/p>\n\n\n\n<p>Deber\u00eda aprender de lo que le est\u00e1 sucediendo a Trump al respecto: ya todos saben que a la larga arruga, as\u00ed que, salvo los que est\u00e1n muy urgidos, la mayor\u00eda de sus adversarios han aprendido a aguantar el chubasco y esperar que se acaben las municiones y el respaldo electoral.<\/p>\n\n\n\n<p>Claro que Milei, al menos en este \u00faltimo aspecto, tiene m\u00e1s chance de sobrevida: puede aspirar a la reelecci\u00f3n, y es probable que si las cosas siguen como est\u00e1n en la oposici\u00f3n, la consiga. Pero tambi\u00e9n en este terreno va a tener que negociar y ceder m\u00e1s de lo que pretende.<\/p>\n\n\n\n<p>Su proyecto para nacionalizar y centralizar los comicios, dificultando el desdoblamiento de las elecciones provinciales, y anulando toda distinci\u00f3n entre la votaci\u00f3n a presidente y a diputados y senadores nacionales, no solo se da de patadas contra la Constituci\u00f3n y la divisi\u00f3n de poderes, sino que se contrapone con los intereses de todos sus aliados en el Congreso y los distritos. Igual que la pretensi\u00f3n de anular las PASO, tienen muy baja probabilidad de aprobarse. Y de movida le env\u00edan un mensaje problem\u00e1tico a esos gobernadores, partidos y legisladores: o se rinden incondicionadamente, y se pintan de violeta, o desaparecer\u00e1n. Pero por ahora al menos lo que el mileismo est\u00e1 logrando con esas iniciativas es que se active en todos ellos la b\u00fasqueda desesperada de alternativas.<\/p>\n\n\n\n<p>El anuncio de Macri de que el PRO tendr\u00e1 su propio candidato a presidente en 2027, y tambi\u00e9n su foto con Kicillof, pueden considerarse parte de esa b\u00fasqueda. Si la econom\u00eda no mejorara sustancialmente en lo que resta del a\u00f1o, y tambi\u00e9n Victoria Villarruel y los gobernadores de Innovaci\u00f3n Federal y\/o Provincias Unidas pudieran presentar sus propias f\u00f3rmulas presidenciales a la pr\u00f3xima elecci\u00f3n, \u00bfcu\u00e1ntos votos terminar\u00eda perdiendo el mileismo en la primera vuelta, y qu\u00e9 chances tendr\u00eda de quedar sometido a una disputa pareja y de incierto resultado frente al candidato kirchnerista\/peronista? Y si ese fuera el escenario m\u00e1s probable, \u00bfqu\u00e9 grado de certeza tendr\u00e1n los operadores econ\u00f3micos en que el pron\u00f3stico presidencial de que \u201cel riesgo pol\u00edtico est\u00e1 desapareciendo\u201d no es un cuento chino?<\/p>\n","protected":false},"excerpt":{"rendered":"<p>El Presidente ha vuelto a plantear la lucha pol\u00edtica en t\u00e9rminos de suma cero: el pa\u00eds va a prosperar, seg\u00fan \u00e9l, no cuando sus contrincantes cooperen con su programa, sino cuando desaparezcan. Pero est\u00e1 dejando afuera a demasiados actores con m\u00e1s recursos para resistir esa opci\u00f3n de los que \u00e9l calcula. Ayer en ExpoAgro, Mauricio [&hellip;]<\/p>\n","protected":false},"author":2,"featured_media":49934,"comment_status":"open","ping_status":"open","sticky":false,"template":"","format":"standard","meta":{"tdm_status":"","tdm_grid_status":"","_joinchat":[],"footnotes":""},"categories":[71],"tags":[],"class_list":{"0":"post-107976","1":"post","2":"type-post","3":"status-publish","4":"format-standard","5":"has-post-thumbnail","7":"category-columnistas"},"amp_enabled":true,"_links":{"self":[{"href":"https:\/\/www.todoeldia.com\/index.php\/wp-json\/wp\/v2\/posts\/107976","targetHints":{"allow":["GET"]}}],"collection":[{"href":"https:\/\/www.todoeldia.com\/index.php\/wp-json\/wp\/v2\/posts"}],"about":[{"href":"https:\/\/www.todoeldia.com\/index.php\/wp-json\/wp\/v2\/types\/post"}],"author":[{"embeddable":true,"href":"https:\/\/www.todoeldia.com\/index.php\/wp-json\/wp\/v2\/users\/2"}],"replies":[{"embeddable":true,"href":"https:\/\/www.todoeldia.com\/index.php\/wp-json\/wp\/v2\/comments?post=107976"}],"version-history":[{"count":1,"href":"https:\/\/www.todoeldia.com\/index.php\/wp-json\/wp\/v2\/posts\/107976\/revisions"}],"predecessor-version":[{"id":107977,"href":"https:\/\/www.todoeldia.com\/index.php\/wp-json\/wp\/v2\/posts\/107976\/revisions\/107977"}],"wp:featuredmedia":[{"embeddable":true,"href":"https:\/\/www.todoeldia.com\/index.php\/wp-json\/wp\/v2\/media\/49934"}],"wp:attachment":[{"href":"https:\/\/www.todoeldia.com\/index.php\/wp-json\/wp\/v2\/media?parent=107976"}],"wp:term":[{"taxonomy":"category","embeddable":true,"href":"https:\/\/www.todoeldia.com\/index.php\/wp-json\/wp\/v2\/categories?post=107976"},{"taxonomy":"post_tag","embeddable":true,"href":"https:\/\/www.todoeldia.com\/index.php\/wp-json\/wp\/v2\/tags?post=107976"}],"curies":[{"name":"wp","href":"https:\/\/api.w.org\/{rel}","templated":true}]}}