{"id":107978,"date":"2026-03-11T11:40:35","date_gmt":"2026-03-11T14:40:35","guid":{"rendered":"https:\/\/www.todoeldia.com\/?p=107978"},"modified":"2026-03-11T11:40:36","modified_gmt":"2026-03-11T14:40:36","slug":"el-ministro-de-deportes-de-iran-descarto-que-vayan-al-mundial-2026","status":"publish","type":"post","link":"https:\/\/www.todoeldia.com\/index.php\/2026\/03\/11\/el-ministro-de-deportes-de-iran-descarto-que-vayan-al-mundial-2026\/","title":{"rendered":"El ministro de Deportes de Ir\u00e1n descart\u00f3 que vayan al Mundial 2026"},"content":{"rendered":"\n<p>Si bien no es una decisi\u00f3n definitiva, es muy complicado que la selecci\u00f3n asi\u00e1tica diga presente.<\/p>\n\n\n\n<p>El ministro de Deportes de Ir\u00e1n, Ahmad Donyalami, sembr\u00f3 dudas sobre la posibilidad de que la selecci\u00f3n de f\u00fatbol de su pa\u00eds dispute el Mundial 2026, que se llevar\u00e1 a cabo en Estados Unidos, Canad\u00e1 y M\u00e9xico por la guerra en Medio Oriente.<\/p>\n\n\n\n<p>En una entrevista para la agencia DPA, a la que tuvo acceso la Agencia Noticias Argentinas, Donyalami subray\u00f3 que \u201cdesde que este Gobierno corrupto asesin\u00f3 a nuestro l\u00edder, no tenemos condiciones para participar en el Mundial\u201d.<\/p>\n\n\n\n<p>Esta declaraci\u00f3n fue en referencia a la muerte del ayatol\u00e1 Al\u00ed Jamenei, quien muri\u00f3 durante los ataques a\u00e9reos de Estados Unidos e Israel a Ir\u00e1n que comenzaron el 28 de febrero.<\/p>\n\n\n\n<p>\u201cDebido a las maliciosas medidas tomadas contra Ir\u00e1n, nos vimos obligados a librar dos guerras en ocho o nueve meses, y miles de nuestros compatriotas fueron asesinados. Por lo tanto, no tenemos ninguna posibilidad de participar de esta manera\u201d, sentenci\u00f3 Donyalami.<\/p>\n\n\n\n<p>Si bien la decisi\u00f3n no es definitiva, todo indica que Ir\u00e1n no participar\u00e1 del Mundial 2026, por lo que la FIFA tendr\u00e1 que decidir qu\u00e9 hacer para cubrir su ausencia.<\/p>\n\n\n\n<p>Adem\u00e1s, todos los partidos de Ir\u00e1n en la fase de grupos del Mundial, que ser\u00e1n ante B\u00e9lgica, Egipto y Nueva Zelanda, ser\u00e1n en Estados Unidos, lo que complica a\u00fan m\u00e1s su participaci\u00f3n.<\/p>\n\n\n\n<p>Por otra parte, el presidente de la Federaci\u00f3n de F\u00fatbol de Ir\u00e1n, Mehdi Taj, tambi\u00e9n puso sobre la mesa la posibilidad de ausentarse: \u201c\u00bfQu\u00e9 persona sensata enviar\u00eda a su selecci\u00f3n nacional a Estados Unidos si el Mundial fuera tan pol\u00edtico como lo fue en Australia?\u201d.__I<\/p>\n","protected":false},"excerpt":{"rendered":"<p>Si bien no es una decisi\u00f3n definitiva, es muy complicado que la selecci\u00f3n asi\u00e1tica diga presente. El ministro de Deportes de Ir\u00e1n, Ahmad Donyalami, sembr\u00f3 dudas sobre la posibilidad de que la selecci\u00f3n de f\u00fatbol de su pa\u00eds dispute el Mundial 2026, que se llevar\u00e1 a cabo en Estados Unidos, Canad\u00e1 y M\u00e9xico por la [&hellip;]<\/p>\n","protected":false},"author":2,"featured_media":107979,"comment_status":"open","ping_status":"open","sticky":false,"template":"","format":"standard","meta":{"tdm_status":"","tdm_grid_status":"","_joinchat":[],"footnotes":""},"categories":[62],"tags":[],"class_list":{"0":"post-107978","1":"post","2":"type-post","3":"status-publish","4":"format-standard","5":"has-post-thumbnail","7":"category-deportes"},"amp_enabled":true,"_links":{"self":[{"href":"https:\/\/www.todoeldia.com\/index.php\/wp-json\/wp\/v2\/posts\/107978","targetHints":{"allow":["GET"]}}],"collection":[{"href":"https:\/\/www.todoeldia.com\/index.php\/wp-json\/wp\/v2\/posts"}],"about":[{"href":"https:\/\/www.todoeldia.com\/index.php\/wp-json\/wp\/v2\/types\/post"}],"author":[{"embeddable":true,"href":"https:\/\/www.todoeldia.com\/index.php\/wp-json\/wp\/v2\/users\/2"}],"replies":[{"embeddable":true,"href":"https:\/\/www.todoeldia.com\/index.php\/wp-json\/wp\/v2\/comments?post=107978"}],"version-history":[{"count":1,"href":"https:\/\/www.todoeldia.com\/index.php\/wp-json\/wp\/v2\/posts\/107978\/revisions"}],"predecessor-version":[{"id":107980,"href":"https:\/\/www.todoeldia.com\/index.php\/wp-json\/wp\/v2\/posts\/107978\/revisions\/107980"}],"wp:featuredmedia":[{"embeddable":true,"href":"https:\/\/www.todoeldia.com\/index.php\/wp-json\/wp\/v2\/media\/107979"}],"wp:attachment":[{"href":"https:\/\/www.todoeldia.com\/index.php\/wp-json\/wp\/v2\/media?parent=107978"}],"wp:term":[{"taxonomy":"category","embeddable":true,"href":"https:\/\/www.todoeldia.com\/index.php\/wp-json\/wp\/v2\/categories?post=107978"},{"taxonomy":"post_tag","embeddable":true,"href":"https:\/\/www.todoeldia.com\/index.php\/wp-json\/wp\/v2\/tags?post=107978"}],"curies":[{"name":"wp","href":"https:\/\/api.w.org\/{rel}","templated":true}]}}