{"id":107984,"date":"2026-03-11T13:48:14","date_gmt":"2026-03-11T16:48:14","guid":{"rendered":"https:\/\/www.todoeldia.com\/?p=107984"},"modified":"2026-03-11T13:48:15","modified_gmt":"2026-03-11T16:48:15","slug":"el-senado-y-la-unsa-coordinan-acciones-para-fortalecer-la-formacion-de-medicos","status":"publish","type":"post","link":"https:\/\/www.todoeldia.com\/index.php\/2026\/03\/11\/el-senado-y-la-unsa-coordinan-acciones-para-fortalecer-la-formacion-de-medicos\/","title":{"rendered":"El Senado y la UNSa coordinan acciones para fortalecer la formaci\u00f3n de m\u00e9dicos"},"content":{"rendered":"\n<p>Senadores recibieron a autoridades de las facultades de Ciencias de la Salud de Salta y Mar del Plata. Durante el encuentro, se present\u00f3 el programa \u201cArturo O\u00f1ativia\u201d y el impacto de los \u201cCampamentos Sanitarios\u201d en el territorio provincial, analizando la necesidad de actualizar la legislaci\u00f3n vigente y otras acciones para reducir el d\u00e9ficit de profesionales en el interior de Salta.<\/p>\n\n\n\n<p>El encuentro ampliado fue encabezado por el senador, Manuel Pailler, junto a sus pares, Gonzalo Guaymas, Dani Nolasco, Leonor Minetti, Esteban D\u2019Andrea, Rolando Guaimas y Luciano Elvira. Por el \u00e1mbito acad\u00e9mico participaron la decana de la Facultad de Ciencias de la Salud de la Universidad Nacional de Salta (UNSa), Nancy Cardozo; la vicedecana, Alejandra Fal\u00fa y el decano de la Facultad de Medicina de la Universidad Nacional de Mar del Plata, Adri\u00e1n Alasino.<\/p>\n\n\n\n<p>Formaci\u00f3n acad\u00e9mica y despliegue territorial<\/p>\n\n\n\n<p>La decana Cardozo sostuvo que, con una matr\u00edcula de 7.000 estudiantes, las carreras de Medicina, Enfermer\u00eda y Nutrici\u00f3n se consolidaron en 2026 como las m\u00e1s elegidas de las 56 que dicta la UNSa.<\/p>\n\n\n\n<p>Destac\u00f3 que, tras el inicio de la carrera propia de medicina en 2022, se proyecta el egreso de 60 nuevos m\u00e9dicos que se incorporar\u00e1n al sistema de salud en el corto plazo. Actualmente, la unidad acad\u00e9mica cuenta con 192 estudiantes de Nutrici\u00f3n y 83 de Medicina realizando pr\u00e1cticas en territorio.<\/p>\n\n\n\n<p>Indic\u00f3 que para el ciclo 2025 se ampli\u00f3 en medicina el ingreso a 100 estudiantes, superando el cupo anterior de 60. Detall\u00f3 que, si bien la demanda es masiva \u2014con picos hist\u00f3ricos de hasta 6.000 inscriptos para 58 vacantes\u2014, en la actualidad cerca de 2.000 aspirantes inician el cursado, cuyo primer parcial determinar\u00e1 por estos d\u00edas la cantidad de ingresantes.<\/p>\n\n\n\n<p>Programa \u201cArturo O\u00f1ativia\u201d<\/p>\n\n\n\n<p>La vicedecana Fal\u00fa expuso los lineamientos del programa \u201cArturo O\u00f1ativia\u201d, orientado a vincular la investigaci\u00f3n y la docencia con las realidades locales. Uno de los objetivos centrales es ofrecer especialidades universitarias en Medicina Familiar y General, mediante un sistema de becas que incentive a los futuros profesionales a radicarse en los hospitales del interior.<\/p>\n","protected":false},"excerpt":{"rendered":"<p>Senadores recibieron a autoridades de las facultades de Ciencias de la Salud de Salta y Mar del Plata. Durante el encuentro, se present\u00f3 el programa \u201cArturo O\u00f1ativia\u201d y el impacto de los \u201cCampamentos Sanitarios\u201d en el territorio provincial, analizando la necesidad de actualizar la legislaci\u00f3n vigente y otras acciones para reducir el d\u00e9ficit de profesionales [&hellip;]<\/p>\n","protected":false},"author":2,"featured_media":107986,"comment_status":"open","ping_status":"open","sticky":false,"template":"","format":"standard","meta":{"tdm_status":"","tdm_grid_status":"","_joinchat":[],"footnotes":""},"categories":[59],"tags":[],"class_list":{"0":"post-107984","1":"post","2":"type-post","3":"status-publish","4":"format-standard","5":"has-post-thumbnail","7":"category-politica"},"amp_enabled":true,"_links":{"self":[{"href":"https:\/\/www.todoeldia.com\/index.php\/wp-json\/wp\/v2\/posts\/107984","targetHints":{"allow":["GET"]}}],"collection":[{"href":"https:\/\/www.todoeldia.com\/index.php\/wp-json\/wp\/v2\/posts"}],"about":[{"href":"https:\/\/www.todoeldia.com\/index.php\/wp-json\/wp\/v2\/types\/post"}],"author":[{"embeddable":true,"href":"https:\/\/www.todoeldia.com\/index.php\/wp-json\/wp\/v2\/users\/2"}],"replies":[{"embeddable":true,"href":"https:\/\/www.todoeldia.com\/index.php\/wp-json\/wp\/v2\/comments?post=107984"}],"version-history":[{"count":1,"href":"https:\/\/www.todoeldia.com\/index.php\/wp-json\/wp\/v2\/posts\/107984\/revisions"}],"predecessor-version":[{"id":107987,"href":"https:\/\/www.todoeldia.com\/index.php\/wp-json\/wp\/v2\/posts\/107984\/revisions\/107987"}],"wp:featuredmedia":[{"embeddable":true,"href":"https:\/\/www.todoeldia.com\/index.php\/wp-json\/wp\/v2\/media\/107986"}],"wp:attachment":[{"href":"https:\/\/www.todoeldia.com\/index.php\/wp-json\/wp\/v2\/media?parent=107984"}],"wp:term":[{"taxonomy":"category","embeddable":true,"href":"https:\/\/www.todoeldia.com\/index.php\/wp-json\/wp\/v2\/categories?post=107984"},{"taxonomy":"post_tag","embeddable":true,"href":"https:\/\/www.todoeldia.com\/index.php\/wp-json\/wp\/v2\/tags?post=107984"}],"curies":[{"name":"wp","href":"https:\/\/api.w.org\/{rel}","templated":true}]}}