{"id":107988,"date":"2026-03-11T14:19:39","date_gmt":"2026-03-11T17:19:39","guid":{"rendered":"https:\/\/www.todoeldia.com\/?p=107988"},"modified":"2026-03-11T14:19:40","modified_gmt":"2026-03-11T17:19:40","slug":"saenz-a-los-abrazos-con-milei-y-karina-en-new-york","status":"publish","type":"post","link":"https:\/\/www.todoeldia.com\/index.php\/2026\/03\/11\/saenz-a-los-abrazos-con-milei-y-karina-en-new-york\/","title":{"rendered":"S\u00e1enz a los abrazos con Milei y Karina en New York"},"content":{"rendered":"\n<p>El Gobierno invit\u00f3 a diversas provincias para mostrar alineamiento en el discurso econ\u00f3mico ante los inversores. C\u00f3mo se prev\u00e9 la relaci\u00f3n entre ambas partes para el mediano y largo plazo<\/p>\n\n\n\n<p>El Gobierno invit\u00f3 a 11 gobernadores a promocionar sus provincias en la Argentina Week que se realiz\u00f3 en Nueva York. Aunque la mayor\u00eda tienen un di\u00e1logo fluido y han fungido de aliados en el Congreso (algunos tambi\u00e9n a nivel electoral), no es el caso de todos ellos. \u201cQui\u00e9rase o no, son los due\u00f1os de los recursos\u201d, justificaban en el entorno del presidente Javier Milei.<\/p>\n\n\n\n<figure class=\"wp-block-image size-large is-resized\"><img loading=\"lazy\" decoding=\"async\" width=\"1024\" height=\"597\" src=\"https:\/\/www.todoeldia.com\/wp-content\/uploads\/2026\/03\/image-106-1024x597.png\" alt=\"\" class=\"wp-image-107991\" style=\"width:1068px;height:auto\" srcset=\"https:\/\/www.todoeldia.com\/wp-content\/uploads\/2026\/03\/image-106-1024x597.png 1024w, https:\/\/www.todoeldia.com\/wp-content\/uploads\/2026\/03\/image-106-300x175.png 300w, https:\/\/www.todoeldia.com\/wp-content\/uploads\/2026\/03\/image-106-768x448.png 768w, https:\/\/www.todoeldia.com\/wp-content\/uploads\/2026\/03\/image-106-720x420.png 720w, https:\/\/www.todoeldia.com\/wp-content\/uploads\/2026\/03\/image-106-696x406.png 696w, https:\/\/www.todoeldia.com\/wp-content\/uploads\/2026\/03\/image-106-1068x623.png 1068w, https:\/\/www.todoeldia.com\/wp-content\/uploads\/2026\/03\/image-106.png 1198w\" sizes=\"auto, (max-width: 1024px) 100vw, 1024px\" \/><\/figure>\n\n\n\n<p>La presencia de los mandatarios provinciales busc\u00f3 comunicar a los inversores internacionales una suerte de escenario de di\u00e1logo pragm\u00e1tico entre la Casa Rosada y las administraciones subnacionales, algo que parece haber surtido efecto. Tal como public\u00f3 Infobae, los gobernadores dieron discursos alineados con el Gobierno, incluso aquellos que no son catalogados como oficialistas.<\/p>\n\n\n\n<p>El ministro de Econom\u00eda, Luis Caputo, consider\u00f3 que \u201clos gobernadores la est\u00e1n viendo y ratifican que este tiene que ser el rumbo del pa\u00eds\u201d; a la vez, el embajador de Argentina en los Estados Unidos, Alec Oxenford, agreg\u00f3 que \u201cfue especialmente alentador verlos en plena sinton\u00eda con el mensaje de Naci\u00f3n, presentando con seriedad y responsabilidad las oportunidades de inversi\u00f3n en sus provincias, destacando sus avances macroecon\u00f3micos, sus recursos naturales y su talento\u201d.<\/p>\n\n\n\n<p>A trav\u00e9s de la Embajada Argentina, el Gobierno invit\u00f3 a Marcelo Orrego (San Juan), Ra\u00fal Jalil (Catamarca), Carlos Sadir (Jujuy), Gustavo S\u00e1enz (Salta), Claudio Vidal (Santa Cruz), Rolando Figueroa (Neuqu\u00e9n), Mart\u00edn Llaryora (C\u00f3rdoba), Alberto Weretilneck (R\u00edo Negro), Alfredo Cornejo (Mendoza), Ignacio Torres (Chubut) y Juan Pablo Vald\u00e9s (Corrientes). Los mandatarios expusieron sobre miner\u00eda, energ\u00eda y el potencial productivo de sus provincias en funci\u00f3n de los diferentes paneles diagramados por los organizadores del foro.<\/p>\n\n\n\n<p>Aunque les hubiera gustado mayores gestualidades de parte del Presidente, tampoco sorprendi\u00f3 a la mayor\u00eda que Milei no mantuviera un encuentro aparte con pr\u00e1cticamente ninguno de ellos. Los Milei s\u00f3lo atinaron a sacarse una foto e intercambiar unas palabras ayer con S\u00e1enz, Orrego, Sadir, Cornejo y Vald\u00e9s. No porque todos sean precisamente cercanos a la administraci\u00f3n libertaria, sino por una coincidencia fortuita.<\/p>\n","protected":false},"excerpt":{"rendered":"<p>El Gobierno invit\u00f3 a diversas provincias para mostrar alineamiento en el discurso econ\u00f3mico ante los inversores. C\u00f3mo se prev\u00e9 la relaci\u00f3n entre ambas partes para el mediano y largo plazo El Gobierno invit\u00f3 a 11 gobernadores a promocionar sus provincias en la Argentina Week que se realiz\u00f3 en Nueva York. Aunque la mayor\u00eda tienen un [&hellip;]<\/p>\n","protected":false},"author":2,"featured_media":107989,"comment_status":"open","ping_status":"open","sticky":false,"template":"","format":"standard","meta":{"tdm_status":"","tdm_grid_status":"","_joinchat":[],"footnotes":""},"categories":[59],"tags":[],"class_list":{"0":"post-107988","1":"post","2":"type-post","3":"status-publish","4":"format-standard","5":"has-post-thumbnail","7":"category-politica"},"amp_enabled":true,"_links":{"self":[{"href":"https:\/\/www.todoeldia.com\/index.php\/wp-json\/wp\/v2\/posts\/107988","targetHints":{"allow":["GET"]}}],"collection":[{"href":"https:\/\/www.todoeldia.com\/index.php\/wp-json\/wp\/v2\/posts"}],"about":[{"href":"https:\/\/www.todoeldia.com\/index.php\/wp-json\/wp\/v2\/types\/post"}],"author":[{"embeddable":true,"href":"https:\/\/www.todoeldia.com\/index.php\/wp-json\/wp\/v2\/users\/2"}],"replies":[{"embeddable":true,"href":"https:\/\/www.todoeldia.com\/index.php\/wp-json\/wp\/v2\/comments?post=107988"}],"version-history":[{"count":1,"href":"https:\/\/www.todoeldia.com\/index.php\/wp-json\/wp\/v2\/posts\/107988\/revisions"}],"predecessor-version":[{"id":107992,"href":"https:\/\/www.todoeldia.com\/index.php\/wp-json\/wp\/v2\/posts\/107988\/revisions\/107992"}],"wp:featuredmedia":[{"embeddable":true,"href":"https:\/\/www.todoeldia.com\/index.php\/wp-json\/wp\/v2\/media\/107989"}],"wp:attachment":[{"href":"https:\/\/www.todoeldia.com\/index.php\/wp-json\/wp\/v2\/media?parent=107988"}],"wp:term":[{"taxonomy":"category","embeddable":true,"href":"https:\/\/www.todoeldia.com\/index.php\/wp-json\/wp\/v2\/categories?post=107988"},{"taxonomy":"post_tag","embeddable":true,"href":"https:\/\/www.todoeldia.com\/index.php\/wp-json\/wp\/v2\/tags?post=107988"}],"curies":[{"name":"wp","href":"https:\/\/api.w.org\/{rel}","templated":true}]}}