{"id":107993,"date":"2026-03-11T14:34:51","date_gmt":"2026-03-11T17:34:51","guid":{"rendered":"https:\/\/www.todoeldia.com\/?p=107993"},"modified":"2026-03-11T14:34:52","modified_gmt":"2026-03-11T17:34:52","slug":"jose-antonio-kast-asumio-la-presidencia-de-chile-con-la-presencia-de-javier-milei-entre-los-invitados","status":"publish","type":"post","link":"https:\/\/www.todoeldia.com\/index.php\/2026\/03\/11\/jose-antonio-kast-asumio-la-presidencia-de-chile-con-la-presencia-de-javier-milei-entre-los-invitados\/","title":{"rendered":"Jos\u00e9 Antonio Kast asumi\u00f3 la presidencia de Chile con la presencia de Javier Milei entre los invitados"},"content":{"rendered":"\n<p>El dirigente ultraconservador ya gobierna oficialmente el pa\u00eds trasandino luego de la ceremonia de traspaso de mando en el Congreso de Valpara\u00edso. El jefe de Estado argentino particip\u00f3 de la ceremonia luego de su gira por Estados Unidos. Tambi\u00e9n estuvo presente Mar\u00eda Corina Machado.<\/p>\n\n\n\n<p>El presidente Javier Milei lleg\u00f3 esta madrugada a Santiago de Chile para participar de la ceremonia de asunci\u00f3n de Jos\u00e9 Antonio Kast, con quien el argentino tiene una relaci\u00f3n de afinidad desde antes de que ambos arribasen al poder. As\u00ed, se extiende el grupo de mandatarios regionales que se ubican en el espectro del centro hacia la derecha con el que el libertario busca contrarrestar la influencia de su par brasile\u00f1o Lula da Silva.<\/p>\n\n\n\n<figure class=\"wp-block-image size-full is-resized\"><img loading=\"lazy\" decoding=\"async\" width=\"450\" height=\"252\" src=\"https:\/\/www.todoeldia.com\/wp-content\/uploads\/2026\/03\/image-107.png\" alt=\"\" class=\"wp-image-107995\" style=\"width:1068px;height:auto\" srcset=\"https:\/\/www.todoeldia.com\/wp-content\/uploads\/2026\/03\/image-107.png 450w, https:\/\/www.todoeldia.com\/wp-content\/uploads\/2026\/03\/image-107-300x168.png 300w\" sizes=\"auto, (max-width: 450px) 100vw, 450px\" \/><\/figure>\n\n\n\n<p>La ceremonia que se celebr\u00f3 al mediod\u00eda y no estuvo exenta de particularidades. Kast invit\u00f3 al senador brasile\u00f1o, Flavio Bolsonaro, que es uno de los principales candidatos de la oposici\u00f3n a Lula para competir contra \u00e9l en las elecciones presidenciales que se desarrollar\u00e1n este a\u00f1o. Ese gesto hizo que el Planalto comunicara ayer que Lula no ir\u00eda a Chile y que en su lugar asistir\u00eda su canciller Mauro Vieyra.<\/p>\n\n\n\n<p>Es una historia que rima parecido a lo que sucedi\u00f3 en diciembre de 2023 con Javier Milei, que invit\u00f3 a la ceremonia a su amigo Eduardo Bolsonaro. Aquello fue un aviso de c\u00f3mo ser\u00eda el v\u00ednculo posteriormente: a m\u00e1s de dos a\u00f1os de coincidir como jefes de Estado, todav\u00eda no han mantenido encuentros bilaterales y solo se saludan de manera protocolar en cumbres multilaterales.<\/p>\n","protected":false},"excerpt":{"rendered":"<p>El dirigente ultraconservador ya gobierna oficialmente el pa\u00eds trasandino luego de la ceremonia de traspaso de mando en el Congreso de Valpara\u00edso. El jefe de Estado argentino particip\u00f3 de la ceremonia luego de su gira por Estados Unidos. Tambi\u00e9n estuvo presente Mar\u00eda Corina Machado. El presidente Javier Milei lleg\u00f3 esta madrugada a Santiago de Chile [&hellip;]<\/p>\n","protected":false},"author":2,"featured_media":107994,"comment_status":"open","ping_status":"open","sticky":false,"template":"","format":"standard","meta":{"tdm_status":"","tdm_grid_status":"","_joinchat":[],"footnotes":""},"categories":[59],"tags":[],"class_list":{"0":"post-107993","1":"post","2":"type-post","3":"status-publish","4":"format-standard","5":"has-post-thumbnail","7":"category-politica"},"amp_enabled":true,"_links":{"self":[{"href":"https:\/\/www.todoeldia.com\/index.php\/wp-json\/wp\/v2\/posts\/107993","targetHints":{"allow":["GET"]}}],"collection":[{"href":"https:\/\/www.todoeldia.com\/index.php\/wp-json\/wp\/v2\/posts"}],"about":[{"href":"https:\/\/www.todoeldia.com\/index.php\/wp-json\/wp\/v2\/types\/post"}],"author":[{"embeddable":true,"href":"https:\/\/www.todoeldia.com\/index.php\/wp-json\/wp\/v2\/users\/2"}],"replies":[{"embeddable":true,"href":"https:\/\/www.todoeldia.com\/index.php\/wp-json\/wp\/v2\/comments?post=107993"}],"version-history":[{"count":1,"href":"https:\/\/www.todoeldia.com\/index.php\/wp-json\/wp\/v2\/posts\/107993\/revisions"}],"predecessor-version":[{"id":107996,"href":"https:\/\/www.todoeldia.com\/index.php\/wp-json\/wp\/v2\/posts\/107993\/revisions\/107996"}],"wp:featuredmedia":[{"embeddable":true,"href":"https:\/\/www.todoeldia.com\/index.php\/wp-json\/wp\/v2\/media\/107994"}],"wp:attachment":[{"href":"https:\/\/www.todoeldia.com\/index.php\/wp-json\/wp\/v2\/media?parent=107993"}],"wp:term":[{"taxonomy":"category","embeddable":true,"href":"https:\/\/www.todoeldia.com\/index.php\/wp-json\/wp\/v2\/categories?post=107993"},{"taxonomy":"post_tag","embeddable":true,"href":"https:\/\/www.todoeldia.com\/index.php\/wp-json\/wp\/v2\/tags?post=107993"}],"curies":[{"name":"wp","href":"https:\/\/api.w.org\/{rel}","templated":true}]}}