{"id":108009,"date":"2026-03-11T19:25:10","date_gmt":"2026-03-11T22:25:10","guid":{"rendered":"https:\/\/www.todoeldia.com\/?p=108009"},"modified":"2026-03-11T19:25:11","modified_gmt":"2026-03-11T22:25:11","slug":"rosario-de-la-frontera-celebra-hoy-152-anos-de-historia-identidad-y-crecimiento","status":"publish","type":"post","link":"https:\/\/www.todoeldia.com\/index.php\/2026\/03\/11\/rosario-de-la-frontera-celebra-hoy-152-anos-de-historia-identidad-y-crecimiento\/","title":{"rendered":"Rosario de la Frontera celebra hoy 152 a\u00f1os de historia, identidad y crecimiento"},"content":{"rendered":"\n<p>La ciudad de Rosario de la Frontera conmemora este 11 de marzo un nuevo aniversario de su fundaci\u00f3n. Con m\u00e1s de un siglo y medio de historia, la comunidad destaca su patrimonio cultural, sus tradicionales aguas termales y el aporte de generaciones que forjaron el desarrollo de la localidad.<\/p>\n\n\n\n<p>Hace m\u00e1s de un siglo y medio, esta tierra comenz\u00f3 a crecer con el esfuerzo, el trabajo y los sue\u00f1os de generaciones de rosarinos. Con el paso del tiempo, nuestra ciudad fue construyendo su identidad entre tradiciones, cultura y progreso, convirti\u00e9ndose en un lugar que nos llena de orgullo.<\/p>\n\n\n\n<p>Reconocida por sus aguas termales y por la calidez de su gente, Rosario de la Frontera es una ciudad que mantiene vivas sus ra\u00edces mientras mira siempre hacia adelante. Cada calle, cada barrio y cada instituci\u00f3n forman parte de esta historia que seguimos escribiendo d\u00eda a d\u00eda.<\/p>\n\n\n\n<p>En este nuevo aniversario, la Municipalidad de Rosario de la Frontera renueva su compromiso de seguir trabajando por el crecimiento de la ciudad, acompa\u00f1ando el desarrollo y el futuro de todos los rosarinos.<\/p>\n","protected":false},"excerpt":{"rendered":"<p>La ciudad de Rosario de la Frontera conmemora este 11 de marzo un nuevo aniversario de su fundaci\u00f3n. Con m\u00e1s de un siglo y medio de historia, la comunidad destaca su patrimonio cultural, sus tradicionales aguas termales y el aporte de generaciones que forjaron el desarrollo de la localidad. Hace m\u00e1s de un siglo y [&hellip;]<\/p>\n","protected":false},"author":2,"featured_media":108010,"comment_status":"open","ping_status":"open","sticky":false,"template":"","format":"standard","meta":{"tdm_status":"","tdm_grid_status":"","_joinchat":[],"footnotes":""},"categories":[73],"tags":[],"class_list":{"0":"post-108009","1":"post","2":"type-post","3":"status-publish","4":"format-standard","5":"has-post-thumbnail","7":"category-noticias-general"},"amp_enabled":true,"_links":{"self":[{"href":"https:\/\/www.todoeldia.com\/index.php\/wp-json\/wp\/v2\/posts\/108009","targetHints":{"allow":["GET"]}}],"collection":[{"href":"https:\/\/www.todoeldia.com\/index.php\/wp-json\/wp\/v2\/posts"}],"about":[{"href":"https:\/\/www.todoeldia.com\/index.php\/wp-json\/wp\/v2\/types\/post"}],"author":[{"embeddable":true,"href":"https:\/\/www.todoeldia.com\/index.php\/wp-json\/wp\/v2\/users\/2"}],"replies":[{"embeddable":true,"href":"https:\/\/www.todoeldia.com\/index.php\/wp-json\/wp\/v2\/comments?post=108009"}],"version-history":[{"count":1,"href":"https:\/\/www.todoeldia.com\/index.php\/wp-json\/wp\/v2\/posts\/108009\/revisions"}],"predecessor-version":[{"id":108011,"href":"https:\/\/www.todoeldia.com\/index.php\/wp-json\/wp\/v2\/posts\/108009\/revisions\/108011"}],"wp:featuredmedia":[{"embeddable":true,"href":"https:\/\/www.todoeldia.com\/index.php\/wp-json\/wp\/v2\/media\/108010"}],"wp:attachment":[{"href":"https:\/\/www.todoeldia.com\/index.php\/wp-json\/wp\/v2\/media?parent=108009"}],"wp:term":[{"taxonomy":"category","embeddable":true,"href":"https:\/\/www.todoeldia.com\/index.php\/wp-json\/wp\/v2\/categories?post=108009"},{"taxonomy":"post_tag","embeddable":true,"href":"https:\/\/www.todoeldia.com\/index.php\/wp-json\/wp\/v2\/tags?post=108009"}],"curies":[{"name":"wp","href":"https:\/\/api.w.org\/{rel}","templated":true}]}}