{"id":108024,"date":"2026-03-12T11:38:50","date_gmt":"2026-03-12T14:38:50","guid":{"rendered":"https:\/\/www.todoeldia.com\/?p=108024"},"modified":"2026-03-12T11:40:29","modified_gmt":"2026-03-12T14:40:29","slug":"recuperan-en-oran-una-camioneta-robada-en-un-asalto-en-colonia-santa-rosa","status":"publish","type":"post","link":"https:\/\/www.todoeldia.com\/index.php\/2026\/03\/12\/recuperan-en-oran-una-camioneta-robada-en-un-asalto-en-colonia-santa-rosa\/","title":{"rendered":"Recuperan en Or\u00e1n una camioneta robada en un asalto en Colonia Santa Rosa"},"content":{"rendered":"\n<p>Varios delincuentes abordaron a un trabajador con violencia y le robaron una camioneta en Colonia Santa Rosa.<\/p>\n\n\n\n<p>La investigaci\u00f3n est\u00e1 a cargo de la Fiscal Mar\u00eda Fuentes y el hecho ocurri\u00f3 durante la noche del 10 marzo en una finca de esa localidad. La camioneta fue recuperada en un allanamiento en la ciudad de Or\u00e1n.<\/p>\n\n\n\n<p>Seg\u00fan consta en las actuaciones, esa noche, un trabajador se encontraba en la propiedad, cuando fue abordado por dos hombres, quienes lo obligaron a subirse al rodado, a base de amenazas y golpes. Luego de aproximadamente tres horas, se dirigieron hacia ruta 14, donde arribaron otros cuatro hombres en dos motocicletas y continuaron con los golpes hacia la integridad f\u00edsica de la v\u00edctima.<\/p>\n\n\n\n<p>Finalmente se apoderaron de la camioneta de propiedad de sus empleadores y huyeron del lugar.<\/p>\n\n\n\n<p>Desde la Fiscal\u00eda se dispusieron todas las medidas de rigor, tendientes a esclarecer lo sucedido e identificar a los sospechosos y las tareas est\u00e1n a cargo de la Brigada de Investigaciones de Pichanal.<\/p>\n\n\n\n<p>En el avance investigativo, se realiz\u00f3 un allanamiento en una propiedad ubicada en la ciudad de Or\u00e1n, donde en las \u00faltimas horas se recuper\u00f3 el veh\u00edculo robado.<\/p>\n\n\n\n<p>La fiscal Fuentes enfatiz\u00f3 que son exhaustivas las diligencias tendientes a esclarecer lo sucedido e identificar a las personas involucradas en el hecho.<\/p>\n","protected":false},"excerpt":{"rendered":"<p>Varios delincuentes abordaron a un trabajador con violencia y le robaron una camioneta en Colonia Santa Rosa. La investigaci\u00f3n est\u00e1 a cargo de la Fiscal Mar\u00eda Fuentes y el hecho ocurri\u00f3 durante la noche del 10 marzo en una finca de esa localidad. La camioneta fue recuperada en un allanamiento en la ciudad de Or\u00e1n. [&hellip;]<\/p>\n","protected":false},"author":2,"featured_media":108026,"comment_status":"open","ping_status":"open","sticky":false,"template":"","format":"standard","meta":{"tdm_status":"","tdm_grid_status":"","_joinchat":[],"footnotes":""},"categories":[73],"tags":[],"class_list":{"0":"post-108024","1":"post","2":"type-post","3":"status-publish","4":"format-standard","5":"has-post-thumbnail","7":"category-noticias-general"},"amp_enabled":true,"_links":{"self":[{"href":"https:\/\/www.todoeldia.com\/index.php\/wp-json\/wp\/v2\/posts\/108024","targetHints":{"allow":["GET"]}}],"collection":[{"href":"https:\/\/www.todoeldia.com\/index.php\/wp-json\/wp\/v2\/posts"}],"about":[{"href":"https:\/\/www.todoeldia.com\/index.php\/wp-json\/wp\/v2\/types\/post"}],"author":[{"embeddable":true,"href":"https:\/\/www.todoeldia.com\/index.php\/wp-json\/wp\/v2\/users\/2"}],"replies":[{"embeddable":true,"href":"https:\/\/www.todoeldia.com\/index.php\/wp-json\/wp\/v2\/comments?post=108024"}],"version-history":[{"count":1,"href":"https:\/\/www.todoeldia.com\/index.php\/wp-json\/wp\/v2\/posts\/108024\/revisions"}],"predecessor-version":[{"id":108025,"href":"https:\/\/www.todoeldia.com\/index.php\/wp-json\/wp\/v2\/posts\/108024\/revisions\/108025"}],"wp:featuredmedia":[{"embeddable":true,"href":"https:\/\/www.todoeldia.com\/index.php\/wp-json\/wp\/v2\/media\/108026"}],"wp:attachment":[{"href":"https:\/\/www.todoeldia.com\/index.php\/wp-json\/wp\/v2\/media?parent=108024"}],"wp:term":[{"taxonomy":"category","embeddable":true,"href":"https:\/\/www.todoeldia.com\/index.php\/wp-json\/wp\/v2\/categories?post=108024"},{"taxonomy":"post_tag","embeddable":true,"href":"https:\/\/www.todoeldia.com\/index.php\/wp-json\/wp\/v2\/tags?post=108024"}],"curies":[{"name":"wp","href":"https:\/\/api.w.org\/{rel}","templated":true}]}}