{"id":108034,"date":"2026-03-12T12:21:15","date_gmt":"2026-03-12T15:21:15","guid":{"rendered":"https:\/\/www.todoeldia.com\/?p=108034"},"modified":"2026-03-12T12:21:16","modified_gmt":"2026-03-12T15:21:16","slug":"mar-del-plata-tuvo-su-peor-verano-post-pandemia-casi-130-mil-personas-menos-esta-temporada","status":"publish","type":"post","link":"https:\/\/www.todoeldia.com\/index.php\/2026\/03\/12\/mar-del-plata-tuvo-su-peor-verano-post-pandemia-casi-130-mil-personas-menos-esta-temporada\/","title":{"rendered":"Mar del Plata tuvo su peor verano post pandemia: casi 130 mil personas menos esta temporada"},"content":{"rendered":"\n<p>La ciudad tuvo un verano para el olvido, con menos turistas y menos consumo.<\/p>\n\n\n\n<p>El&nbsp;Ente Municipal de Turismo y Cultura&nbsp;(Emturyc) de&nbsp;Mar del Plata&nbsp;inform\u00f3 este martes que durante la temporada de verano comprendida entre el&nbsp;1 de diciembre y el 28 de febrero&nbsp;se registraron&nbsp;3.141.427 arribos tur\u00edsticos&nbsp;a la \u201cCiudad Feliz\u201d, una cifra inferior a la del verano anterior, cerca de&nbsp;130 mil personas menos.<\/p>\n\n\n\n<p>Asimismo, seg\u00fan un relevamiento realizado por la&nbsp;Agencia Noticias Argentinas, los turistas que fueron a la \u201cCiudad Feliz\u201d fueron muy poco a comer a restos y bares, provocando una ca\u00edda importante en las zonas gastron\u00f3micas.<\/p>\n\n\n\n<p>Seg\u00fan el organismo, en la temporada 2024\/2025 hab\u00edan llegado 3.263.727 visitantes, por lo que el \u00faltimo verano mostr\u00f3 una baja en la cantidad de turistas, con una ocupaci\u00f3n promedio global del 50,7 %.<\/p>\n\n\n\n<figure class=\"wp-block-image size-full is-resized\"><img loading=\"lazy\" decoding=\"async\" width=\"960\" height=\"720\" src=\"https:\/\/www.todoeldia.com\/wp-content\/uploads\/2026\/03\/image-115.png\" alt=\"\" class=\"wp-image-108037\" style=\"width:1050px;height:auto\" srcset=\"https:\/\/www.todoeldia.com\/wp-content\/uploads\/2026\/03\/image-115.png 960w, https:\/\/www.todoeldia.com\/wp-content\/uploads\/2026\/03\/image-115-300x225.png 300w, https:\/\/www.todoeldia.com\/wp-content\/uploads\/2026\/03\/image-115-768x576.png 768w, https:\/\/www.todoeldia.com\/wp-content\/uploads\/2026\/03\/image-115-560x420.png 560w, https:\/\/www.todoeldia.com\/wp-content\/uploads\/2026\/03\/image-115-80x60.png 80w, https:\/\/www.todoeldia.com\/wp-content\/uploads\/2026\/03\/image-115-696x522.png 696w, https:\/\/www.todoeldia.com\/wp-content\/uploads\/2026\/03\/image-115-265x198.png 265w\" sizes=\"auto, (max-width: 960px) 100vw, 960px\" \/><\/figure>\n\n\n\n<p>El informe oficial detalla que el descenso se registr\u00f3 en los tres meses del per\u00edodo estival.<\/p>\n\n\n\n<p>Diciembre: llegaron 805.811 turistas, lo que represent\u00f3 una ca\u00edda interanual del 2,1 %.<\/p>\n\n\n\n<p>Enero: se contabilizaron 1.280.524 visitantes, con una baja del 7,1 %, siendo el mes con la mayor retracci\u00f3n.<\/p>\n\n\n\n<p>Febrero: arribaron 1.055.137 personas, con un descenso menor del 0,7 %, favorecido en parte por los feriados de Carnaval, que impulsaron la llegada de turistas.<\/p>\n\n\n\n<p>Los n\u00fameros m\u00e1s bajos desde la pandemia<\/p>\n\n\n\n<figure class=\"wp-block-image size-large\"><img loading=\"lazy\" decoding=\"async\" width=\"1024\" height=\"576\" src=\"https:\/\/www.todoeldia.com\/wp-content\/uploads\/2026\/03\/image-114-1024x576.png\" alt=\"\" class=\"wp-image-108036\" srcset=\"https:\/\/www.todoeldia.com\/wp-content\/uploads\/2026\/03\/image-114-1024x576.png 1024w, https:\/\/www.todoeldia.com\/wp-content\/uploads\/2026\/03\/image-114-300x169.png 300w, https:\/\/www.todoeldia.com\/wp-content\/uploads\/2026\/03\/image-114-768x432.png 768w, https:\/\/www.todoeldia.com\/wp-content\/uploads\/2026\/03\/image-114-747x420.png 747w, https:\/\/www.todoeldia.com\/wp-content\/uploads\/2026\/03\/image-114-696x392.png 696w, https:\/\/www.todoeldia.com\/wp-content\/uploads\/2026\/03\/image-114-1068x601.png 1068w, https:\/\/www.todoeldia.com\/wp-content\/uploads\/2026\/03\/image-114.png 1280w\" sizes=\"auto, (max-width: 1024px) 100vw, 1024px\" \/><\/figure>\n\n\n\n<p><strong>Los lobos marinos de Mar del Plata.\u00a0<\/strong><\/p>\n\n\n\n<p>De acuerdo con los datos difundidos por el organismo, los registros de este verano son los m\u00e1s bajos desde la temporada 2020\/2021, cuando la actividad tur\u00edstica estaba fuertemente condicionada por la pandemia de COVID-19. En aquel per\u00edodo se hab\u00edan contabilizado 2.231.660 arribos.<\/p>\n\n\n\n<p>D\u00f3nde se alojaron los turistas<\/p>\n\n\n\n<p>El informe tambi\u00e9n detalla cu\u00e1les fueron los tipos de alojamiento m\u00e1s elegidos por quienes visitaron la ciudad durante el verano:<\/p>\n\n\n\n<p>Vivienda propia: 41,3 %<\/p>\n\n\n\n<p>Vivienda alquilada: 32,6 %<\/p>\n\n\n\n<p>Hoteler\u00eda: 25,9 %<\/p>\n\n\n\n<p>Otros: 0,2 %<\/p>\n\n\n\n<p>C\u00f3mo viajaron a la ciudad<\/p>\n\n\n\n<figure class=\"wp-block-image size-large\"><img loading=\"lazy\" decoding=\"async\" width=\"1024\" height=\"576\" src=\"https:\/\/www.todoeldia.com\/wp-content\/uploads\/2026\/03\/image-113-1024x576.png\" alt=\"\" class=\"wp-image-108035\" srcset=\"https:\/\/www.todoeldia.com\/wp-content\/uploads\/2026\/03\/image-113-1024x576.png 1024w, https:\/\/www.todoeldia.com\/wp-content\/uploads\/2026\/03\/image-113-300x169.png 300w, https:\/\/www.todoeldia.com\/wp-content\/uploads\/2026\/03\/image-113-768x432.png 768w, https:\/\/www.todoeldia.com\/wp-content\/uploads\/2026\/03\/image-113-747x420.png 747w, https:\/\/www.todoeldia.com\/wp-content\/uploads\/2026\/03\/image-113-696x392.png 696w, https:\/\/www.todoeldia.com\/wp-content\/uploads\/2026\/03\/image-113-1068x601.png 1068w, https:\/\/www.todoeldia.com\/wp-content\/uploads\/2026\/03\/image-113.png 1280w\" sizes=\"auto, (max-width: 1024px) 100vw, 1024px\" \/><\/figure>\n\n\n\n<p><strong>El Tren Buenos Aires &#8211; Mar del Plata es el m\u00e1s popular de Argentina.<\/strong><\/p>\n\n\n\n<p>En cuanto a los medios de transporte utilizados, el veh\u00edculo propio volvi\u00f3 a ser la opci\u00f3n predominante para llegar a la ciudad balnearia.<\/p>\n\n\n\n<p>Auto particular: 81,4 %<\/p>\n\n\n\n<p>\u00d3mnibus: 13,8 %<\/p>\n\n\n\n<p>Ferrocarril: 3,4 %<\/p>\n\n\n\n<p>Avi\u00f3n: 1,5 %<\/p>\n\n\n\n<p>Con estos datos, el balance de la temporada muestra una leve retracci\u00f3n en la cantidad de visitantes, aunque la ciudad mantuvo un flujo tur\u00edstico superior a los tres millones de arribos durante el per\u00edodo estival.<\/p>\n","protected":false},"excerpt":{"rendered":"<p>La ciudad tuvo un verano para el olvido, con menos turistas y menos consumo. El&nbsp;Ente Municipal de Turismo y Cultura&nbsp;(Emturyc) de&nbsp;Mar del Plata&nbsp;inform\u00f3 este martes que durante la temporada de verano comprendida entre el&nbsp;1 de diciembre y el 28 de febrero&nbsp;se registraron&nbsp;3.141.427 arribos tur\u00edsticos&nbsp;a la \u201cCiudad Feliz\u201d, una cifra inferior a la del verano anterior, [&hellip;]<\/p>\n","protected":false},"author":2,"featured_media":107873,"comment_status":"open","ping_status":"open","sticky":false,"template":"","format":"standard","meta":{"tdm_status":"","tdm_grid_status":"","_joinchat":[],"footnotes":""},"categories":[73],"tags":[],"class_list":{"0":"post-108034","1":"post","2":"type-post","3":"status-publish","4":"format-standard","5":"has-post-thumbnail","7":"category-noticias-general"},"amp_enabled":true,"_links":{"self":[{"href":"https:\/\/www.todoeldia.com\/index.php\/wp-json\/wp\/v2\/posts\/108034","targetHints":{"allow":["GET"]}}],"collection":[{"href":"https:\/\/www.todoeldia.com\/index.php\/wp-json\/wp\/v2\/posts"}],"about":[{"href":"https:\/\/www.todoeldia.com\/index.php\/wp-json\/wp\/v2\/types\/post"}],"author":[{"embeddable":true,"href":"https:\/\/www.todoeldia.com\/index.php\/wp-json\/wp\/v2\/users\/2"}],"replies":[{"embeddable":true,"href":"https:\/\/www.todoeldia.com\/index.php\/wp-json\/wp\/v2\/comments?post=108034"}],"version-history":[{"count":1,"href":"https:\/\/www.todoeldia.com\/index.php\/wp-json\/wp\/v2\/posts\/108034\/revisions"}],"predecessor-version":[{"id":108038,"href":"https:\/\/www.todoeldia.com\/index.php\/wp-json\/wp\/v2\/posts\/108034\/revisions\/108038"}],"wp:featuredmedia":[{"embeddable":true,"href":"https:\/\/www.todoeldia.com\/index.php\/wp-json\/wp\/v2\/media\/107873"}],"wp:attachment":[{"href":"https:\/\/www.todoeldia.com\/index.php\/wp-json\/wp\/v2\/media?parent=108034"}],"wp:term":[{"taxonomy":"category","embeddable":true,"href":"https:\/\/www.todoeldia.com\/index.php\/wp-json\/wp\/v2\/categories?post=108034"},{"taxonomy":"post_tag","embeddable":true,"href":"https:\/\/www.todoeldia.com\/index.php\/wp-json\/wp\/v2\/tags?post=108034"}],"curies":[{"name":"wp","href":"https:\/\/api.w.org\/{rel}","templated":true}]}}