{"id":108049,"date":"2026-03-12T14:18:07","date_gmt":"2026-03-12T17:18:07","guid":{"rendered":"https:\/\/www.todoeldia.com\/?p=108049"},"modified":"2026-03-12T14:18:08","modified_gmt":"2026-03-12T17:18:08","slug":"saeta-y-uta-analizaron-aspectos-del-funcionamiento-del-transporte","status":"publish","type":"post","link":"https:\/\/www.todoeldia.com\/index.php\/2026\/03\/12\/saeta-y-uta-analizaron-aspectos-del-funcionamiento-del-transporte\/","title":{"rendered":"SAETA y UTA analizaron aspectos del funcionamiento del transporte"},"content":{"rendered":"\n<p>Autoridades de SAETA y UTA se reunieron hoy para dialogar sobre los distintos aspectos que hacen al desarrollo del transporte urbano de pasajeros dentro del \u00e1rea Metropolitana.<\/p>\n\n\n\n<p>El encuentro fue encabezado por la vicepresidenta de SAETA, Laura Montarc\u00e9 y cont\u00f3 con la participaci\u00f3n de los directores Paula Majul y Jos\u00e9 Licuime y del secretario general de la Uni\u00f3n Tranviarios Automotor de Salta, Pedro Cruz.<\/p>\n\n\n\n<p>Entre los temas abordados resaltan el tratamiento de las paritarias previo a la reuni\u00f3n entre UTA y FATAP; la mirada del gremio respecto de las gratuidades que habilita el Pase Libre; las distintas situaciones que viven los choferes e inspectores a lo largo de sus jornadas de trabajo, los reclamos que realizan los usuarios y las demandas m\u00e1s frecuentes hacia el Sistema.<\/p>\n\n\n\n<p>En este marco se acord\u00f3 continuar trabajando de forma mancomunada entre SAETA y UTA para optimizar el funcionamiento del servicio y la cobertura de los 11 municipios que conforman en \u00e1rea Metropolitana de Salta.<\/p>\n","protected":false},"excerpt":{"rendered":"<p>Autoridades de SAETA y UTA se reunieron hoy para dialogar sobre los distintos aspectos que hacen al desarrollo del transporte urbano de pasajeros dentro del \u00e1rea Metropolitana. El encuentro fue encabezado por la vicepresidenta de SAETA, Laura Montarc\u00e9 y cont\u00f3 con la participaci\u00f3n de los directores Paula Majul y Jos\u00e9 Licuime y del secretario general [&hellip;]<\/p>\n","protected":false},"author":2,"featured_media":108050,"comment_status":"open","ping_status":"open","sticky":false,"template":"","format":"standard","meta":{"tdm_status":"","tdm_grid_status":"","_joinchat":[],"footnotes":""},"categories":[73],"tags":[],"class_list":{"0":"post-108049","1":"post","2":"type-post","3":"status-publish","4":"format-standard","5":"has-post-thumbnail","7":"category-noticias-general"},"amp_enabled":true,"_links":{"self":[{"href":"https:\/\/www.todoeldia.com\/index.php\/wp-json\/wp\/v2\/posts\/108049","targetHints":{"allow":["GET"]}}],"collection":[{"href":"https:\/\/www.todoeldia.com\/index.php\/wp-json\/wp\/v2\/posts"}],"about":[{"href":"https:\/\/www.todoeldia.com\/index.php\/wp-json\/wp\/v2\/types\/post"}],"author":[{"embeddable":true,"href":"https:\/\/www.todoeldia.com\/index.php\/wp-json\/wp\/v2\/users\/2"}],"replies":[{"embeddable":true,"href":"https:\/\/www.todoeldia.com\/index.php\/wp-json\/wp\/v2\/comments?post=108049"}],"version-history":[{"count":1,"href":"https:\/\/www.todoeldia.com\/index.php\/wp-json\/wp\/v2\/posts\/108049\/revisions"}],"predecessor-version":[{"id":108051,"href":"https:\/\/www.todoeldia.com\/index.php\/wp-json\/wp\/v2\/posts\/108049\/revisions\/108051"}],"wp:featuredmedia":[{"embeddable":true,"href":"https:\/\/www.todoeldia.com\/index.php\/wp-json\/wp\/v2\/media\/108050"}],"wp:attachment":[{"href":"https:\/\/www.todoeldia.com\/index.php\/wp-json\/wp\/v2\/media?parent=108049"}],"wp:term":[{"taxonomy":"category","embeddable":true,"href":"https:\/\/www.todoeldia.com\/index.php\/wp-json\/wp\/v2\/categories?post=108049"},{"taxonomy":"post_tag","embeddable":true,"href":"https:\/\/www.todoeldia.com\/index.php\/wp-json\/wp\/v2\/tags?post=108049"}],"curies":[{"name":"wp","href":"https:\/\/api.w.org\/{rel}","templated":true}]}}