{"id":108052,"date":"2026-03-12T17:49:54","date_gmt":"2026-03-12T20:49:54","guid":{"rendered":"https:\/\/www.todoeldia.com\/?p=108052"},"modified":"2026-03-12T17:49:55","modified_gmt":"2026-03-12T20:49:55","slug":"la-inflacion-fue-de-29-en-febrero-y-acumulo-331-en-los-ultimos-doce-meses","status":"publish","type":"post","link":"https:\/\/www.todoeldia.com\/index.php\/2026\/03\/12\/la-inflacion-fue-de-29-en-febrero-y-acumulo-331-en-los-ultimos-doce-meses\/","title":{"rendered":"La inflaci\u00f3n fue de 2,9% en febrero y acumul\u00f3 33,1% en los \u00faltimos doce meses"},"content":{"rendered":"\n<p>El Instituto Nacional de Estad\u00edstica y Censos (Indec) inform\u00f3 que la din\u00e1mica inflacionaria replic\u00f3 el n\u00famero de enero. La variaci\u00f3n acumulada en 2026 es de 5,9 por ciento. Qu\u00e9 se espera para los pr\u00f3ximos meses<\/p>\n\n\n\n<p>La inflaci\u00f3n de febrero alcanz\u00f3 el 2,9%, seg\u00fan inform\u00f3 el Instituto Nacional de Estad\u00edstica y Censos (Indec), misma cifra que en enero. En los \u00faltimos doce meses, la suba acumulada fue de 33,1%, mientras que en el primer bimestre del a\u00f1o sum\u00f3 5,9 por ciento. El presidente Javier Milei prev\u00e9 que el \u00edndice comenzar\u00e1 a descender despu\u00e9s de marzo, con el objetivo de llegar a un valor cercano a cero entre julio y agosto.<\/p>\n\n\n\n<p>De acuerdo con los datos del Indec, ya son diez meses consecutivos sin registrar una desaceleraci\u00f3n mensual en el \u00cdndice de Precios al Consumidor (IPC), que viene aumentando de manera sostenida desde el 1,5% registrado en mayo de 2025. Adem\u00e1s, las estad\u00edsticas verifican que la variaci\u00f3n interanual del IPC aument\u00f3 por cuarto mes seguido.<\/p>\n\n\n\n<figure class=\"wp-block-image size-large is-resized\"><img loading=\"lazy\" decoding=\"async\" width=\"819\" height=\"1024\" src=\"https:\/\/www.todoeldia.com\/wp-content\/uploads\/2026\/03\/image-116-819x1024.png\" alt=\"\" class=\"wp-image-108053\" style=\"width:1043px;height:auto\" srcset=\"https:\/\/www.todoeldia.com\/wp-content\/uploads\/2026\/03\/image-116-819x1024.png 819w, https:\/\/www.todoeldia.com\/wp-content\/uploads\/2026\/03\/image-116-240x300.png 240w, https:\/\/www.todoeldia.com\/wp-content\/uploads\/2026\/03\/image-116-768x960.png 768w, https:\/\/www.todoeldia.com\/wp-content\/uploads\/2026\/03\/image-116-336x420.png 336w, https:\/\/www.todoeldia.com\/wp-content\/uploads\/2026\/03\/image-116-300x375.png 300w, https:\/\/www.todoeldia.com\/wp-content\/uploads\/2026\/03\/image-116-696x870.png 696w, https:\/\/www.todoeldia.com\/wp-content\/uploads\/2026\/03\/image-116-1068x1335.png 1068w, https:\/\/www.todoeldia.com\/wp-content\/uploads\/2026\/03\/image-116.png 1080w\" sizes=\"auto, (max-width: 819px) 100vw, 819px\" \/><\/figure>\n\n\n\n<p>La mayor suba mensual correspondi\u00f3 a Vivienda, agua, electricidad, gas y otros combustibles, con un 6,8%, impulsada por incrementos en las tarifas de servicios p\u00fablicos y cambios en los criterios para otorgar subsidios en varias provincias. Alimentos y bebidas no alcoh\u00f3licas ocup\u00f3 el segundo lugar, con una variaci\u00f3n de 3,3 por ciento.<\/p>\n\n\n\n<p><\/p>\n","protected":false},"excerpt":{"rendered":"<p>El Instituto Nacional de Estad\u00edstica y Censos (Indec) inform\u00f3 que la din\u00e1mica inflacionaria replic\u00f3 el n\u00famero de enero. La variaci\u00f3n acumulada en 2026 es de 5,9 por ciento. Qu\u00e9 se espera para los pr\u00f3ximos meses La inflaci\u00f3n de febrero alcanz\u00f3 el 2,9%, seg\u00fan inform\u00f3 el Instituto Nacional de Estad\u00edstica y Censos (Indec), misma cifra que [&hellip;]<\/p>\n","protected":false},"author":2,"featured_media":57725,"comment_status":"open","ping_status":"open","sticky":false,"template":"","format":"standard","meta":{"tdm_status":"","tdm_grid_status":"","_joinchat":[],"footnotes":""},"categories":[60],"tags":[],"class_list":{"0":"post-108052","1":"post","2":"type-post","3":"status-publish","4":"format-standard","5":"has-post-thumbnail","7":"category-economia"},"amp_enabled":true,"_links":{"self":[{"href":"https:\/\/www.todoeldia.com\/index.php\/wp-json\/wp\/v2\/posts\/108052","targetHints":{"allow":["GET"]}}],"collection":[{"href":"https:\/\/www.todoeldia.com\/index.php\/wp-json\/wp\/v2\/posts"}],"about":[{"href":"https:\/\/www.todoeldia.com\/index.php\/wp-json\/wp\/v2\/types\/post"}],"author":[{"embeddable":true,"href":"https:\/\/www.todoeldia.com\/index.php\/wp-json\/wp\/v2\/users\/2"}],"replies":[{"embeddable":true,"href":"https:\/\/www.todoeldia.com\/index.php\/wp-json\/wp\/v2\/comments?post=108052"}],"version-history":[{"count":1,"href":"https:\/\/www.todoeldia.com\/index.php\/wp-json\/wp\/v2\/posts\/108052\/revisions"}],"predecessor-version":[{"id":108054,"href":"https:\/\/www.todoeldia.com\/index.php\/wp-json\/wp\/v2\/posts\/108052\/revisions\/108054"}],"wp:featuredmedia":[{"embeddable":true,"href":"https:\/\/www.todoeldia.com\/index.php\/wp-json\/wp\/v2\/media\/57725"}],"wp:attachment":[{"href":"https:\/\/www.todoeldia.com\/index.php\/wp-json\/wp\/v2\/media?parent=108052"}],"wp:term":[{"taxonomy":"category","embeddable":true,"href":"https:\/\/www.todoeldia.com\/index.php\/wp-json\/wp\/v2\/categories?post=108052"},{"taxonomy":"post_tag","embeddable":true,"href":"https:\/\/www.todoeldia.com\/index.php\/wp-json\/wp\/v2\/tags?post=108052"}],"curies":[{"name":"wp","href":"https:\/\/api.w.org\/{rel}","templated":true}]}}