{"id":108058,"date":"2026-03-12T18:00:05","date_gmt":"2026-03-12T21:00:05","guid":{"rendered":"https:\/\/www.todoeldia.com\/?p=108058"},"modified":"2026-03-12T18:00:06","modified_gmt":"2026-03-12T21:00:06","slug":"1-ano-a-la-carcel-por-robar-herramientas-y-una-silla-de-aluminio-en-grand-bourg","status":"publish","type":"post","link":"https:\/\/www.todoeldia.com\/index.php\/2026\/03\/12\/1-ano-a-la-carcel-por-robar-herramientas-y-una-silla-de-aluminio-en-grand-bourg\/","title":{"rendered":"1 a\u00f1o a la c\u00e1rcel por robar herramientas y una silla de aluminio en Grand Bourg"},"content":{"rendered":"\n<p>El juez de Garant\u00edas del distrito Centro, Antonio Pastrana, luego de recibir la confesi\u00f3n del acusado, y con el acuerdo de las partes, le impuso el cumplimiento de una pena de 1 a\u00f1o de prisi\u00f3n de ejecuci\u00f3n efectiva, a Francisco Javier Paz Burgos como autor de los delitos de robo (dos hechos) y hurto calificado por escalamiento, en concurso real.<\/p>\n\n\n\n<p>El primer hecho ocurri\u00f3 en noviembre, cuando el acusado habr\u00eda ingresado a una propiedad en construcci\u00f3n en barrio Grand Bourg, y tras violentar las medidas de seguridad, se apoder\u00f3 de herramientas.<\/p>\n\n\n\n<p>Luego el pasado 2 de enero, un vecino de la misma zona, denunci\u00f3 que, al revisar videos de seguridad, not\u00f3 que el d\u00eda 16 de diciembre, un hombre escal\u00f3 hasta la terraza de su propiedad y se apoder\u00f3 de una silla de aluminio, para luego huir.<\/p>\n\n\n\n<p>Personal del Grupo Investigativo del Sector 1 B, individualiz\u00f3 al sospechoso a partir del an\u00e1lisis de c\u00e1maras de seguridad y del relevamiento de testigos y el d\u00eda 13 de enero se solicit\u00f3 ante el Juzgado de Garant\u00edas interviniente, orden de allanamiento y detenci\u00f3n para un domicilio vinculado al investigado.<\/p>\n\n\n\n<p>Luego, al tomar conocimiento de que el sospechoso se encuentra en situaci\u00f3n de calle, fue detenido en la v\u00eda p\u00fablica.<\/p>\n","protected":false},"excerpt":{"rendered":"<p>El juez de Garant\u00edas del distrito Centro, Antonio Pastrana, luego de recibir la confesi\u00f3n del acusado, y con el acuerdo de las partes, le impuso el cumplimiento de una pena de 1 a\u00f1o de prisi\u00f3n de ejecuci\u00f3n efectiva, a Francisco Javier Paz Burgos como autor de los delitos de robo (dos hechos) y hurto calificado [&hellip;]<\/p>\n","protected":false},"author":2,"featured_media":46120,"comment_status":"open","ping_status":"open","sticky":false,"template":"","format":"standard","meta":{"tdm_status":"","tdm_grid_status":"","_joinchat":[],"footnotes":""},"categories":[73],"tags":[],"class_list":{"0":"post-108058","1":"post","2":"type-post","3":"status-publish","4":"format-standard","5":"has-post-thumbnail","7":"category-noticias-general"},"amp_enabled":true,"_links":{"self":[{"href":"https:\/\/www.todoeldia.com\/index.php\/wp-json\/wp\/v2\/posts\/108058","targetHints":{"allow":["GET"]}}],"collection":[{"href":"https:\/\/www.todoeldia.com\/index.php\/wp-json\/wp\/v2\/posts"}],"about":[{"href":"https:\/\/www.todoeldia.com\/index.php\/wp-json\/wp\/v2\/types\/post"}],"author":[{"embeddable":true,"href":"https:\/\/www.todoeldia.com\/index.php\/wp-json\/wp\/v2\/users\/2"}],"replies":[{"embeddable":true,"href":"https:\/\/www.todoeldia.com\/index.php\/wp-json\/wp\/v2\/comments?post=108058"}],"version-history":[{"count":1,"href":"https:\/\/www.todoeldia.com\/index.php\/wp-json\/wp\/v2\/posts\/108058\/revisions"}],"predecessor-version":[{"id":108059,"href":"https:\/\/www.todoeldia.com\/index.php\/wp-json\/wp\/v2\/posts\/108058\/revisions\/108059"}],"wp:featuredmedia":[{"embeddable":true,"href":"https:\/\/www.todoeldia.com\/index.php\/wp-json\/wp\/v2\/media\/46120"}],"wp:attachment":[{"href":"https:\/\/www.todoeldia.com\/index.php\/wp-json\/wp\/v2\/media?parent=108058"}],"wp:term":[{"taxonomy":"category","embeddable":true,"href":"https:\/\/www.todoeldia.com\/index.php\/wp-json\/wp\/v2\/categories?post=108058"},{"taxonomy":"post_tag","embeddable":true,"href":"https:\/\/www.todoeldia.com\/index.php\/wp-json\/wp\/v2\/tags?post=108058"}],"curies":[{"name":"wp","href":"https:\/\/api.w.org\/{rel}","templated":true}]}}