{"id":108069,"date":"2026-03-12T20:27:54","date_gmt":"2026-03-12T23:27:54","guid":{"rendered":"https:\/\/www.todoeldia.com\/?p=108069"},"modified":"2026-03-12T20:28:17","modified_gmt":"2026-03-12T23:28:17","slug":"estaba-escondido-en-senda-hachada-un-profugo-vinculado-a-un-homicidio-en-cordoba","status":"publish","type":"post","link":"https:\/\/www.todoeldia.com\/index.php\/2026\/03\/12\/estaba-escondido-en-senda-hachada-un-profugo-vinculado-a-un-homicidio-en-cordoba\/","title":{"rendered":"Estaba escondido en Senda Hachada un pr\u00f3fugo vinculado a un homicidio en C\u00f3rdoba"},"content":{"rendered":"\n<p>Javier Grasso tras permanecer ocho meses pr\u00f3fugo por el crimen de Milagros Basto, fue detenido en Salta luego de un procedimiento de Gendarmer\u00eda. Ten\u00eda pedido de captura internacional por la causa que investiga el femicidio en un departamento del centro de C\u00f3rdoba.<\/p>\n\n\n\n<p>Luego de ocho meses pr\u00f3fugo, este mi\u00e9rcoles fue detenido Javier Grasso, el acusado de encubrimiento agravado en la causa por el crimen de Milagros Basto. El procedimiento se concret\u00f3 en la provincia de Salta, tras una investigaci\u00f3n que incluy\u00f3 el trabajo conjunto de distintas fuerzas de seguridad.<\/p>\n\n\n\n<figure class=\"wp-block-image size-large\"><img loading=\"lazy\" decoding=\"async\" width=\"1024\" height=\"576\" src=\"https:\/\/www.todoeldia.com\/wp-content\/uploads\/2026\/03\/image-120-1024x576.png\" alt=\"\" class=\"wp-image-108072\" srcset=\"https:\/\/www.todoeldia.com\/wp-content\/uploads\/2026\/03\/image-120-1024x576.png 1024w, https:\/\/www.todoeldia.com\/wp-content\/uploads\/2026\/03\/image-120-300x169.png 300w, https:\/\/www.todoeldia.com\/wp-content\/uploads\/2026\/03\/image-120-768x432.png 768w, https:\/\/www.todoeldia.com\/wp-content\/uploads\/2026\/03\/image-120-747x420.png 747w, https:\/\/www.todoeldia.com\/wp-content\/uploads\/2026\/03\/image-120-696x392.png 696w, https:\/\/www.todoeldia.com\/wp-content\/uploads\/2026\/03\/image-120-1068x601.png 1068w, https:\/\/www.todoeldia.com\/wp-content\/uploads\/2026\/03\/image-120.png 1440w\" sizes=\"auto, (max-width: 1024px) 100vw, 1024px\" \/><\/figure>\n\n\n\n<p><em><strong>Javier Grasso ya hab\u00eda sido detenido en Paraguay antes del crimen en su departamento de C\u00f3rdoba.<\/strong><\/em><\/p>\n\n\n\n<p>El sospechoso estaba pr\u00f3fugo desde el 6 de julio de 2025, d\u00eda en que encontraron el cuerpo sin vida de la joven dentro de un placard en un departamento del Centro de C\u00f3rdoba, ubicado en calle Buenos Aires al 300.<\/p>\n\n\n\n<p>La investigaci\u00f3n estuvo a cargo del Departamento Homicidios de la Polic\u00eda de C\u00f3rdoba, que llev\u00f3 adelante tareas de seguimiento durante varios meses.<\/p>\n\n\n\n<p>Entre las medidas realizadas se incluyeron el seguimiento de l\u00edneas telef\u00f3nicas, el an\u00e1lisis de distintos medios tecnol\u00f3gicos y el trabajo coordinado con Interpol. A partir de esas tareas, los investigadores lograron establecer que Grasso hab\u00eda estado en Buenos Aires y que tambi\u00e9n se hab\u00eda desplazado por Per\u00fa y Bolivia, lo que motiv\u00f3 un trabajo coordinado con fuerzas de esos pa\u00edses.<\/p>\n\n\n\n<p>La captura finalmente se produjo cuando personal de Gendarmer\u00eda Nacional realizaba patrullajes y controles en la localidad de Senda Hachada, en el norte de Salta, cerca del cruce de las rutas nacionales 34 y 81, en una zona pr\u00f3xima a la frontera con Bolivia.<\/p>\n\n\n\n<p>Los gendarmes detectaron a un hombre en actitud sospechosa y, al verificar su identidad en la base de datos del Departamento Homicidios de C\u00f3rdoba, comprobaron que ten\u00eda pedido de captura internacional. De inmediato, efectivos del Escuadr\u00f3n 52 Tartagal procedieron a su detenci\u00f3n.<\/p>\n\n\n\n<p>La causa por el crimen de Milagros<\/p>\n\n\n\n<figure class=\"wp-block-image size-large\"><img loading=\"lazy\" decoding=\"async\" width=\"1024\" height=\"577\" src=\"https:\/\/www.todoeldia.com\/wp-content\/uploads\/2026\/03\/image-119-1024x577.png\" alt=\"\" class=\"wp-image-108070\" srcset=\"https:\/\/www.todoeldia.com\/wp-content\/uploads\/2026\/03\/image-119-1024x577.png 1024w, https:\/\/www.todoeldia.com\/wp-content\/uploads\/2026\/03\/image-119-300x169.png 300w, https:\/\/www.todoeldia.com\/wp-content\/uploads\/2026\/03\/image-119-768x433.png 768w, https:\/\/www.todoeldia.com\/wp-content\/uploads\/2026\/03\/image-119-746x420.png 746w, https:\/\/www.todoeldia.com\/wp-content\/uploads\/2026\/03\/image-119-696x392.png 696w, https:\/\/www.todoeldia.com\/wp-content\/uploads\/2026\/03\/image-119-1068x601.png 1068w, https:\/\/www.todoeldia.com\/wp-content\/uploads\/2026\/03\/image-119.png 1440w\" sizes=\"auto, (max-width: 1024px) 100vw, 1024px\" \/><\/figure>\n\n\n\n<p>Javier Grasso est\u00e1 imputado por encubrimiento agravado en la investigaci\u00f3n que lleva adelante la Fiscal\u00eda a cargo de Jos\u00e9 Bringas.<\/p>\n\n\n\n<p>Por el mismo hecho permanece detenido su hermano, Horacio Antonio Grasso, ex polic\u00eda que cumpl\u00eda prisi\u00f3n domiciliaria en el departamento donde fue hallado el cuerpo de la v\u00edctima y que est\u00e1 imputado por femicidio.<\/p>\n","protected":false},"excerpt":{"rendered":"<p>Javier Grasso tras permanecer ocho meses pr\u00f3fugo por el crimen de Milagros Basto, fue detenido en Salta luego de un procedimiento de Gendarmer\u00eda. Ten\u00eda pedido de captura internacional por la causa que investiga el femicidio en un departamento del centro de C\u00f3rdoba. Luego de ocho meses pr\u00f3fugo, este mi\u00e9rcoles fue detenido Javier Grasso, el acusado [&hellip;]<\/p>\n","protected":false},"author":2,"featured_media":108071,"comment_status":"open","ping_status":"open","sticky":false,"template":"","format":"standard","meta":{"tdm_status":"","tdm_grid_status":"","_joinchat":[],"footnotes":""},"categories":[73],"tags":[],"class_list":{"0":"post-108069","1":"post","2":"type-post","3":"status-publish","4":"format-standard","5":"has-post-thumbnail","7":"category-noticias-general"},"amp_enabled":true,"_links":{"self":[{"href":"https:\/\/www.todoeldia.com\/index.php\/wp-json\/wp\/v2\/posts\/108069","targetHints":{"allow":["GET"]}}],"collection":[{"href":"https:\/\/www.todoeldia.com\/index.php\/wp-json\/wp\/v2\/posts"}],"about":[{"href":"https:\/\/www.todoeldia.com\/index.php\/wp-json\/wp\/v2\/types\/post"}],"author":[{"embeddable":true,"href":"https:\/\/www.todoeldia.com\/index.php\/wp-json\/wp\/v2\/users\/2"}],"replies":[{"embeddable":true,"href":"https:\/\/www.todoeldia.com\/index.php\/wp-json\/wp\/v2\/comments?post=108069"}],"version-history":[{"count":1,"href":"https:\/\/www.todoeldia.com\/index.php\/wp-json\/wp\/v2\/posts\/108069\/revisions"}],"predecessor-version":[{"id":108073,"href":"https:\/\/www.todoeldia.com\/index.php\/wp-json\/wp\/v2\/posts\/108069\/revisions\/108073"}],"wp:featuredmedia":[{"embeddable":true,"href":"https:\/\/www.todoeldia.com\/index.php\/wp-json\/wp\/v2\/media\/108071"}],"wp:attachment":[{"href":"https:\/\/www.todoeldia.com\/index.php\/wp-json\/wp\/v2\/media?parent=108069"}],"wp:term":[{"taxonomy":"category","embeddable":true,"href":"https:\/\/www.todoeldia.com\/index.php\/wp-json\/wp\/v2\/categories?post=108069"},{"taxonomy":"post_tag","embeddable":true,"href":"https:\/\/www.todoeldia.com\/index.php\/wp-json\/wp\/v2\/tags?post=108069"}],"curies":[{"name":"wp","href":"https:\/\/api.w.org\/{rel}","templated":true}]}}