{"id":108089,"date":"2026-03-13T14:43:25","date_gmt":"2026-03-13T17:43:25","guid":{"rendered":"https:\/\/www.todoeldia.com\/?p=108089"},"modified":"2026-03-13T14:43:26","modified_gmt":"2026-03-13T17:43:26","slug":"comenzo-el-juicio-contra-el-hijo-de-un-pastor-evangelico-acusado-de-6-hechos-de-abuso-sexual","status":"publish","type":"post","link":"https:\/\/www.todoeldia.com\/index.php\/2026\/03\/13\/comenzo-el-juicio-contra-el-hijo-de-un-pastor-evangelico-acusado-de-6-hechos-de-abuso-sexual\/","title":{"rendered":"Comenz\u00f3 el juicio contra el hijo de un pastor evang\u00e9lico acusado de 6 hechos de abuso sexual"},"content":{"rendered":"\n<p>La audiencia de debate comenz\u00f3 este viernes y se extender\u00e1 hasta el mi\u00e9rcoles 18 de marzo. El imputado est\u00e1 acusado de seis hechos de abuso sexual con acceso carnal y ya hab\u00eda sido condenado en 2023 por un delito similar en perjuicio de otra menor de edad.<\/p>\n\n\n\n<p>La intervenci\u00f3n de la&nbsp;UDIS&nbsp;se inici\u00f3 a partir de la denuncia presentada el 4 de abril de 2024 por una joven mayor de edad, quien afirm\u00f3 haber sido v\u00edctima de abusos sexuales entre los a\u00f1os 2018 y 2021 por parte del hijo de los pastores de una iglesia evang\u00e9lica ubicada en el centro de la ciudad.<\/p>\n\n\n\n<p>Seg\u00fan la denunciante, el primer hecho se habr\u00eda producido cuando ten\u00eda 14 a\u00f1os, dentro de una combi de la iglesia, a la que accedi\u00f3 a subir debido a la confianza que ten\u00eda en el acusado, quien se desempe\u00f1aba como l\u00edder espiritual y estaba a cargo de la escuela dominical de la congregaci\u00f3n religiosa. Los hechos se habr\u00edan reiterado en al menos cinco oportunidades m\u00e1s, seg\u00fan el relato de la joven.<\/p>\n\n\n\n<p>El acusado ya hab\u00eda sido condenado en 2023 a tres a\u00f1os de prisi\u00f3n de ejecuci\u00f3n condicional por el delito de abuso sexual con aprovechamiento de la inmadurez sexual de la v\u00edctima (estupro) en perjuicio de otra menor de edad.<\/p>\n","protected":false},"excerpt":{"rendered":"<p>La audiencia de debate comenz\u00f3 este viernes y se extender\u00e1 hasta el mi\u00e9rcoles 18 de marzo. El imputado est\u00e1 acusado de seis hechos de abuso sexual con acceso carnal y ya hab\u00eda sido condenado en 2023 por un delito similar en perjuicio de otra menor de edad. La intervenci\u00f3n de la&nbsp;UDIS&nbsp;se inici\u00f3 a partir de [&hellip;]<\/p>\n","protected":false},"author":2,"featured_media":47873,"comment_status":"open","ping_status":"open","sticky":false,"template":"","format":"standard","meta":{"tdm_status":"","tdm_grid_status":"","_joinchat":[],"footnotes":""},"categories":[73],"tags":[],"class_list":{"0":"post-108089","1":"post","2":"type-post","3":"status-publish","4":"format-standard","5":"has-post-thumbnail","7":"category-noticias-general"},"amp_enabled":true,"_links":{"self":[{"href":"https:\/\/www.todoeldia.com\/index.php\/wp-json\/wp\/v2\/posts\/108089","targetHints":{"allow":["GET"]}}],"collection":[{"href":"https:\/\/www.todoeldia.com\/index.php\/wp-json\/wp\/v2\/posts"}],"about":[{"href":"https:\/\/www.todoeldia.com\/index.php\/wp-json\/wp\/v2\/types\/post"}],"author":[{"embeddable":true,"href":"https:\/\/www.todoeldia.com\/index.php\/wp-json\/wp\/v2\/users\/2"}],"replies":[{"embeddable":true,"href":"https:\/\/www.todoeldia.com\/index.php\/wp-json\/wp\/v2\/comments?post=108089"}],"version-history":[{"count":1,"href":"https:\/\/www.todoeldia.com\/index.php\/wp-json\/wp\/v2\/posts\/108089\/revisions"}],"predecessor-version":[{"id":108090,"href":"https:\/\/www.todoeldia.com\/index.php\/wp-json\/wp\/v2\/posts\/108089\/revisions\/108090"}],"wp:featuredmedia":[{"embeddable":true,"href":"https:\/\/www.todoeldia.com\/index.php\/wp-json\/wp\/v2\/media\/47873"}],"wp:attachment":[{"href":"https:\/\/www.todoeldia.com\/index.php\/wp-json\/wp\/v2\/media?parent=108089"}],"wp:term":[{"taxonomy":"category","embeddable":true,"href":"https:\/\/www.todoeldia.com\/index.php\/wp-json\/wp\/v2\/categories?post=108089"},{"taxonomy":"post_tag","embeddable":true,"href":"https:\/\/www.todoeldia.com\/index.php\/wp-json\/wp\/v2\/tags?post=108089"}],"curies":[{"name":"wp","href":"https:\/\/api.w.org\/{rel}","templated":true}]}}