{"id":108095,"date":"2026-03-13T15:25:25","date_gmt":"2026-03-13T18:25:25","guid":{"rendered":"https:\/\/www.todoeldia.com\/?p=108095"},"modified":"2026-03-13T15:25:26","modified_gmt":"2026-03-13T18:25:26","slug":"salvador-mazza-concentra-el-66-de-los-casos-de-chikungunya-de-salta","status":"publish","type":"post","link":"https:\/\/www.todoeldia.com\/index.php\/2026\/03\/13\/salvador-mazza-concentra-el-66-de-los-casos-de-chikungunya-de-salta\/","title":{"rendered":"Salvador Mazza concentra el 66% de los casos de Chikungunya de Salta"},"content":{"rendered":"\n<p>Ante la alta circulaci\u00f3n viral en la zona de frontera, se prioriza la atenci\u00f3n de casos febriles en el hospital local y el control preventivo en establecimientos educativos.<\/p>\n\n\n\n<p>En respuesta integral al escenario epidemiol\u00f3gico actual, se llev\u00f3 a cabo una reuni\u00f3n interinstitucional en el hospital de Profesor Salvador Mazza. El encuentro, encabezado por el director general de Coordinaci\u00f3n Epidemiol\u00f3gica,&nbsp;Francisco Garc\u00eda Campos,&nbsp;y el intendente local,&nbsp;Gustavo Subelza, tuvo como eje central el an\u00e1lisis de la curva de contagios y la unificaci\u00f3n de directrices para contener el brote que afecta a la zona de frontera.<\/p>\n\n\n\n<p>La situaci\u00f3n en la localidad es de suma vigilancia, dado que Salvador Mazza registra 96 casos, es decir, concentra actualmente dos tercios de las notificaciones de toda la provincia. Al respecto,&nbsp;Garc\u00eda Campos&nbsp;se\u00f1al\u00f3 que \u201cnos reunimos para evaluar la situaci\u00f3n y delimitar directrices de c\u00f3mo seguir. Dentro de Salta, \u00e9sta es la localidad con mayor transmisi\u00f3n y es el espejo de lo que sucede en el lado de Bolivia. Hoy se notifican poco m\u00e1s de 150 casos a nivel provincial, de los cuales casi 100 pertenecen exclusivamente a esta \u00e1rea operativa\u201d. El funcionario advirti\u00f3 que, debido a la gran cantidad de pacientes con sintomatolog\u00eda compatible, es probable que el n\u00famero de casos confirmados aumente en los pr\u00f3ximos d\u00edas.<\/p>\n\n\n\n<figure class=\"wp-block-image size-large is-resized\"><img loading=\"lazy\" decoding=\"async\" width=\"1024\" height=\"585\" src=\"https:\/\/www.todoeldia.com\/wp-content\/uploads\/2021\/12\/hospital-de-salvador-mazza-2-1024x585.jpg\" alt=\"\" class=\"wp-image-31775\" style=\"width:1068px;height:auto\" srcset=\"https:\/\/www.todoeldia.com\/wp-content\/uploads\/2021\/12\/hospital-de-salvador-mazza-2-1024x585.jpg 1024w, https:\/\/www.todoeldia.com\/wp-content\/uploads\/2021\/12\/hospital-de-salvador-mazza-2-300x171.jpg 300w, https:\/\/www.todoeldia.com\/wp-content\/uploads\/2021\/12\/hospital-de-salvador-mazza-2-768x439.jpg 768w, https:\/\/www.todoeldia.com\/wp-content\/uploads\/2021\/12\/hospital-de-salvador-mazza-2-696x397.jpg 696w, https:\/\/www.todoeldia.com\/wp-content\/uploads\/2021\/12\/hospital-de-salvador-mazza-2-1068x610.jpg 1068w, https:\/\/www.todoeldia.com\/wp-content\/uploads\/2021\/12\/hospital-de-salvador-mazza-2-736x420.jpg 736w, https:\/\/www.todoeldia.com\/wp-content\/uploads\/2021\/12\/hospital-de-salvador-mazza-2.jpg 1296w\" sizes=\"auto, (max-width: 1024px) 100vw, 1024px\" \/><\/figure>\n\n\n\n<p>El reporte epidemiol\u00f3gico municipal revela que el brote actual, decretado oficialmente el 25 de febrero, tiene antecedentes de peso como el registrado en 2016 con 713 casos. En la actualidad, el virus circula de manera aut\u00f3ctona en sectores estrat\u00e9gicos como los barrios Ferroviario, San Mart\u00edn, El Tri\u00e1ngulo, Barrio Norte, 28 de Marzo, El Chorro y Lucero del Alba.<\/p>\n\n\n\n<p>Soledad P\u00e9rez, gerente general del hospital, explic\u00f3 la din\u00e1mica de la atenci\u00f3n: \u201cTenemos el consultorio de febriles funcionando de 8 a 12 y de 16 a 20 horas, de lunes a lunes. Es fundamental que los pacientes se acerquen para la confecci\u00f3n de la ficha epidemiol\u00f3gica, que es lo que nos permite tomar decisiones y realizar los bloqueos focales correspondientes\u201d.<\/p>\n\n\n\n<p>La complejidad del brote tambi\u00e9n se refleja en la demograf\u00eda de los afectados, con pacientes que oscilan entre los 4 y 80 a\u00f1os, pero con un pico de prevalencia del&nbsp;35,5% en el grupo de 5 a 14 a\u00f1os, especialmente en varones. Ante esta realidad, el municipio decidi\u00f3 involucrar directamente al sector educativo.<\/p>\n","protected":false},"excerpt":{"rendered":"<p>Ante la alta circulaci\u00f3n viral en la zona de frontera, se prioriza la atenci\u00f3n de casos febriles en el hospital local y el control preventivo en establecimientos educativos. En respuesta integral al escenario epidemiol\u00f3gico actual, se llev\u00f3 a cabo una reuni\u00f3n interinstitucional en el hospital de Profesor Salvador Mazza. El encuentro, encabezado por el director [&hellip;]<\/p>\n","protected":false},"author":2,"featured_media":75138,"comment_status":"open","ping_status":"open","sticky":false,"template":"","format":"standard","meta":{"tdm_status":"","tdm_grid_status":"","_joinchat":[],"footnotes":""},"categories":[73],"tags":[],"class_list":{"0":"post-108095","1":"post","2":"type-post","3":"status-publish","4":"format-standard","5":"has-post-thumbnail","7":"category-noticias-general"},"amp_enabled":true,"_links":{"self":[{"href":"https:\/\/www.todoeldia.com\/index.php\/wp-json\/wp\/v2\/posts\/108095","targetHints":{"allow":["GET"]}}],"collection":[{"href":"https:\/\/www.todoeldia.com\/index.php\/wp-json\/wp\/v2\/posts"}],"about":[{"href":"https:\/\/www.todoeldia.com\/index.php\/wp-json\/wp\/v2\/types\/post"}],"author":[{"embeddable":true,"href":"https:\/\/www.todoeldia.com\/index.php\/wp-json\/wp\/v2\/users\/2"}],"replies":[{"embeddable":true,"href":"https:\/\/www.todoeldia.com\/index.php\/wp-json\/wp\/v2\/comments?post=108095"}],"version-history":[{"count":1,"href":"https:\/\/www.todoeldia.com\/index.php\/wp-json\/wp\/v2\/posts\/108095\/revisions"}],"predecessor-version":[{"id":108096,"href":"https:\/\/www.todoeldia.com\/index.php\/wp-json\/wp\/v2\/posts\/108095\/revisions\/108096"}],"wp:featuredmedia":[{"embeddable":true,"href":"https:\/\/www.todoeldia.com\/index.php\/wp-json\/wp\/v2\/media\/75138"}],"wp:attachment":[{"href":"https:\/\/www.todoeldia.com\/index.php\/wp-json\/wp\/v2\/media?parent=108095"}],"wp:term":[{"taxonomy":"category","embeddable":true,"href":"https:\/\/www.todoeldia.com\/index.php\/wp-json\/wp\/v2\/categories?post=108095"},{"taxonomy":"post_tag","embeddable":true,"href":"https:\/\/www.todoeldia.com\/index.php\/wp-json\/wp\/v2\/tags?post=108095"}],"curies":[{"name":"wp","href":"https:\/\/api.w.org\/{rel}","templated":true}]}}