{"id":108097,"date":"2026-03-13T19:41:19","date_gmt":"2026-03-13T22:41:19","guid":{"rendered":"https:\/\/www.todoeldia.com\/?p=108097"},"modified":"2026-03-13T19:41:20","modified_gmt":"2026-03-13T22:41:20","slug":"chile-no-quiere-mas-peruanos-y-bolivianos-en-el-pais-despliega-militares-en-la-frontera-para-construir-muro-contra-migrantes","status":"publish","type":"post","link":"https:\/\/www.todoeldia.com\/index.php\/2026\/03\/13\/chile-no-quiere-mas-peruanos-y-bolivianos-en-el-pais-despliega-militares-en-la-frontera-para-construir-muro-contra-migrantes\/","title":{"rendered":"Chile no quiere m\u00e1s peruanos y bolivianos en el pa\u00eds: despliega militares en la frontera para construir muro contra migrantes"},"content":{"rendered":"\n<p>La medida forma parte del Plan Escudo Fronterizo, que contempla la construcci\u00f3n de zanjas, cercos perimetrales y torres de vigilancia en puntos considerados.<\/p>\n\n\n\n<p>El presidente de Jos\u00e9 Antonio Kast orden\u00f3 el despliegue de maquinaria pesada y personal militar en la frontera norte de Chile para iniciar la construcci\u00f3n de barreras f\u00edsicas destinadas a reforzar el control migratorio. La medida forma parte de un conjunto de decretos firmados por el mandatario en el marco de su pol\u00edtica de seguridad orientada a frenar el ingreso irregular de personas al pa\u00eds.<\/p>\n\n\n\n<figure class=\"wp-block-image size-full is-resized\"><img loading=\"lazy\" decoding=\"async\" width=\"992\" height=\"558\" src=\"https:\/\/www.todoeldia.com\/wp-content\/uploads\/2026\/03\/image-123.png\" alt=\"\" class=\"wp-image-108100\" style=\"width:1058px;height:auto\" srcset=\"https:\/\/www.todoeldia.com\/wp-content\/uploads\/2026\/03\/image-123.png 992w, https:\/\/www.todoeldia.com\/wp-content\/uploads\/2026\/03\/image-123-300x169.png 300w, https:\/\/www.todoeldia.com\/wp-content\/uploads\/2026\/03\/image-123-768x432.png 768w, https:\/\/www.todoeldia.com\/wp-content\/uploads\/2026\/03\/image-123-747x420.png 747w, https:\/\/www.todoeldia.com\/wp-content\/uploads\/2026\/03\/image-123-696x392.png 696w\" sizes=\"auto, (max-width: 992px) 100vw, 992px\" \/><\/figure>\n\n\n\n<p><strong>Gobierno de Kast despliega maquinaria y tropas en frontera con Per\u00fa como parte del Plan Escudo Fronterizo. (Foto composici\u00f3n<\/strong><\/p>\n\n\n\n<p>Las primeras acciones se concentran en la zona lim\u00edtrofe entre las ciudades de Arica y Tacna, cerca del complejo fronterizo de Chacalluta. En el lugar se ha reportado la presencia de retroexcavadoras, cargadores frontales y volquetes que ser\u00e1n utilizados para ejecutar los primeros trabajos de infraestructura.<\/p>\n\n\n\n<p>Asimismo, seg\u00fan reportes de Latina Noticias, Jos\u00e9 Antonio Kast, tendr\u00eda previsto llegar este lunes a la ciudad de Arica para dar inicio a los trabajos en la zona fronteriza. De acuerdo con la informaci\u00f3n difundida, las obras contemplan la excavaci\u00f3n de zanjas de hasta tres metros de profundidad y la instalaci\u00f3n de otras barreras f\u00edsicas. No obstante, todav\u00eda no se ha precisado si la maquinaria pesada operar\u00e1 directamente en la l\u00ednea lim\u00edtrofe entre Per\u00fa y Chile o en sectores cercanos a la frontera.<\/p>\n\n\n\n<p>Plan Escudo Fronterizo<\/p>\n\n\n\n<figure class=\"wp-block-image size-full is-resized\"><img loading=\"lazy\" decoding=\"async\" width=\"992\" height=\"558\" src=\"https:\/\/www.todoeldia.com\/wp-content\/uploads\/2026\/03\/image-122.png\" alt=\"\" class=\"wp-image-108099\" style=\"width:1068px;height:auto\" srcset=\"https:\/\/www.todoeldia.com\/wp-content\/uploads\/2026\/03\/image-122.png 992w, https:\/\/www.todoeldia.com\/wp-content\/uploads\/2026\/03\/image-122-300x169.png 300w, https:\/\/www.todoeldia.com\/wp-content\/uploads\/2026\/03\/image-122-768x432.png 768w, https:\/\/www.todoeldia.com\/wp-content\/uploads\/2026\/03\/image-122-747x420.png 747w, https:\/\/www.todoeldia.com\/wp-content\/uploads\/2026\/03\/image-122-696x392.png 696w\" sizes=\"auto, (max-width: 992px) 100vw, 992px\" \/><\/figure>\n\n\n\n<p><strong>Plan Escudo Fronterizo: Chile comienza obras de zanjas y muros en l\u00edmite con Per\u00fa y Bolivia<\/strong><\/p>\n\n\n\n<p>La medida del Gobierno de Chile forma parte del denominado Plan Escudo Fronterizo, una iniciativa del orientada a fortalecer el control territorial en la frontera norte. El plan contempla la construcci\u00f3n de infraestructura que permita mantener vigilancia en sectores identificados como rutas frecuentes de ingreso irregular.<\/p>\n\n\n\n<p>Seg\u00fan informaci\u00f3n difundida por autoridades chilenas, los trabajos estar\u00e1n a cargo del Ministerio de Obras P\u00fablicas en coordinaci\u00f3n con el Cuerpo Militar del Trabajo del Ej\u00e9rcito. \u201cEn lo concreto, la iniciativa contempla la construcci\u00f3n de zanjas, muros, cercos perimetrales y torres de vigilancia, as\u00ed como la creaci\u00f3n de centros de internaci\u00f3n para inmigrantes ilegales. Los trabajos tendr\u00e1n como epicentro los pasos cr\u00edticos de Colchane (frontera con Bolivia) y Chacalluta (frontera con Per\u00fa) y comenzar\u00e1n en los pr\u00f3ximos d\u00edas\u201d, expres\u00f3 el mandatario chileno, seg\u00fan inform\u00f3 una publicaci\u00f3n de T13 de Chile.<\/p>\n\n\n\n<p>Refuerzo militar y vigilancia<\/p>\n\n\n\n<figure class=\"wp-block-image size-full is-resized\"><img loading=\"lazy\" decoding=\"async\" width=\"992\" height=\"558\" src=\"https:\/\/www.todoeldia.com\/wp-content\/uploads\/2026\/03\/image-121.png\" alt=\"\" class=\"wp-image-108098\" style=\"width:1061px;height:auto\" srcset=\"https:\/\/www.todoeldia.com\/wp-content\/uploads\/2026\/03\/image-121.png 992w, https:\/\/www.todoeldia.com\/wp-content\/uploads\/2026\/03\/image-121-300x169.png 300w, https:\/\/www.todoeldia.com\/wp-content\/uploads\/2026\/03\/image-121-768x432.png 768w, https:\/\/www.todoeldia.com\/wp-content\/uploads\/2026\/03\/image-121-747x420.png 747w, https:\/\/www.todoeldia.com\/wp-content\/uploads\/2026\/03\/image-121-696x392.png 696w\" sizes=\"auto, (max-width: 992px) 100vw, 992px\" \/><\/figure>\n\n\n\n<p><strong>Chile moviliza al Ej\u00e9rcito y maquinaria pesada para reforzar control migratorio en la frontera norte<\/strong><\/p>\n\n\n\n<p>Como parte del plan de reforzamiento fronterizo, el Ejecutivo dispuso ampliar el despliegue de las Fuerzas Armadas en la zona norte del pa\u00eds. El gobierno chileno inform\u00f3 que al menos 3 mil uniformados ser\u00e1n destinados de manera permanente a labores de vigilancia, control territorial y apoyo en la eliminaci\u00f3n de pasos no habilitados en los puntos considerados m\u00e1s sensibles de la frontera.<\/p>\n","protected":false},"excerpt":{"rendered":"<p>La medida forma parte del Plan Escudo Fronterizo, que contempla la construcci\u00f3n de zanjas, cercos perimetrales y torres de vigilancia en puntos considerados. El presidente de Jos\u00e9 Antonio Kast orden\u00f3 el despliegue de maquinaria pesada y personal militar en la frontera norte de Chile para iniciar la construcci\u00f3n de barreras f\u00edsicas destinadas a reforzar el [&hellip;]<\/p>\n","protected":false},"author":2,"featured_media":104318,"comment_status":"open","ping_status":"open","sticky":false,"template":"","format":"standard","meta":{"tdm_status":"","tdm_grid_status":"","_joinchat":[],"footnotes":""},"categories":[73],"tags":[],"class_list":{"0":"post-108097","1":"post","2":"type-post","3":"status-publish","4":"format-standard","5":"has-post-thumbnail","7":"category-noticias-general"},"amp_enabled":true,"_links":{"self":[{"href":"https:\/\/www.todoeldia.com\/index.php\/wp-json\/wp\/v2\/posts\/108097","targetHints":{"allow":["GET"]}}],"collection":[{"href":"https:\/\/www.todoeldia.com\/index.php\/wp-json\/wp\/v2\/posts"}],"about":[{"href":"https:\/\/www.todoeldia.com\/index.php\/wp-json\/wp\/v2\/types\/post"}],"author":[{"embeddable":true,"href":"https:\/\/www.todoeldia.com\/index.php\/wp-json\/wp\/v2\/users\/2"}],"replies":[{"embeddable":true,"href":"https:\/\/www.todoeldia.com\/index.php\/wp-json\/wp\/v2\/comments?post=108097"}],"version-history":[{"count":1,"href":"https:\/\/www.todoeldia.com\/index.php\/wp-json\/wp\/v2\/posts\/108097\/revisions"}],"predecessor-version":[{"id":108101,"href":"https:\/\/www.todoeldia.com\/index.php\/wp-json\/wp\/v2\/posts\/108097\/revisions\/108101"}],"wp:featuredmedia":[{"embeddable":true,"href":"https:\/\/www.todoeldia.com\/index.php\/wp-json\/wp\/v2\/media\/104318"}],"wp:attachment":[{"href":"https:\/\/www.todoeldia.com\/index.php\/wp-json\/wp\/v2\/media?parent=108097"}],"wp:term":[{"taxonomy":"category","embeddable":true,"href":"https:\/\/www.todoeldia.com\/index.php\/wp-json\/wp\/v2\/categories?post=108097"},{"taxonomy":"post_tag","embeddable":true,"href":"https:\/\/www.todoeldia.com\/index.php\/wp-json\/wp\/v2\/tags?post=108097"}],"curies":[{"name":"wp","href":"https:\/\/api.w.org\/{rel}","templated":true}]}}