{"id":108102,"date":"2026-03-13T20:00:58","date_gmt":"2026-03-13T23:00:58","guid":{"rendered":"https:\/\/www.todoeldia.com\/?p=108102"},"modified":"2026-03-13T20:00:59","modified_gmt":"2026-03-13T23:00:59","slug":"durand-entrego-nuevos-vehiculos-para-fortalecer-el-parque-automotor-municipal","status":"publish","type":"post","link":"https:\/\/www.todoeldia.com\/index.php\/2026\/03\/13\/durand-entrego-nuevos-vehiculos-para-fortalecer-el-parque-automotor-municipal\/","title":{"rendered":"Durand entreg\u00f3 nuevos veh\u00edculos para fortalecer el parque automotor municipal"},"content":{"rendered":"\n<p>Las unidades fueron destinadas a las Secretar\u00edas de Ambiente y Servicios P\u00fablicos, Tr\u00e1nsito y Seguridad Vial y Obras P\u00fablicas para optimizar las tareas operativas y mejorar los servicios que se brindan a los vecinos.<\/p>\n\n\n\n<p>El intendente, Emiliano Durand, encabez\u00f3 esta ma\u00f1ana la entrega de nuevas unidades que se incorporan al parque automotor de la Municipalidad de Salta, con el objetivo de fortalecer el trabajo de distintas \u00e1reas operativas y mejorar la prestaci\u00f3n de servicios en la ciudad.<\/p>\n\n\n\n<figure class=\"wp-block-image size-full is-resized\"><img loading=\"lazy\" decoding=\"async\" width=\"1024\" height=\"683\" src=\"https:\/\/www.todoeldia.com\/wp-content\/uploads\/2026\/03\/image-124.png\" alt=\"\" class=\"wp-image-108104\" style=\"width:1059px;height:auto\" srcset=\"https:\/\/www.todoeldia.com\/wp-content\/uploads\/2026\/03\/image-124.png 1024w, https:\/\/www.todoeldia.com\/wp-content\/uploads\/2026\/03\/image-124-300x200.png 300w, https:\/\/www.todoeldia.com\/wp-content\/uploads\/2026\/03\/image-124-768x512.png 768w, https:\/\/www.todoeldia.com\/wp-content\/uploads\/2026\/03\/image-124-630x420.png 630w, https:\/\/www.todoeldia.com\/wp-content\/uploads\/2026\/03\/image-124-696x464.png 696w\" sizes=\"auto, (max-width: 1024px) 100vw, 1024px\" \/><\/figure>\n\n\n\n<p>En esta oportunidad, la Secretar\u00eda de Ambiente y Servicios P\u00fablicos recibi\u00f3 un cami\u00f3n atmosf\u00e9rico. Por su parte, la Secretar\u00eda de Tr\u00e1nsito y Seguridad Vial incorpor\u00f3 un cami\u00f3n plancha y dos autom\u00f3viles, que ser\u00e1n utilizados para reforzar las tareas de control, operativos en la v\u00eda p\u00fablica y para la Escuela de Manejo.<\/p>\n\n\n\n<figure class=\"wp-block-image size-large is-resized\"><img loading=\"lazy\" decoding=\"async\" width=\"1024\" height=\"683\" src=\"https:\/\/www.todoeldia.com\/wp-content\/uploads\/2026\/03\/image-125-1024x683.png\" alt=\"\" class=\"wp-image-108105\" style=\"width:1062px;height:auto\" srcset=\"https:\/\/www.todoeldia.com\/wp-content\/uploads\/2026\/03\/image-125-1024x683.png 1024w, https:\/\/www.todoeldia.com\/wp-content\/uploads\/2026\/03\/image-125-300x200.png 300w, https:\/\/www.todoeldia.com\/wp-content\/uploads\/2026\/03\/image-125-768x512.png 768w, https:\/\/www.todoeldia.com\/wp-content\/uploads\/2026\/03\/image-125-630x420.png 630w, https:\/\/www.todoeldia.com\/wp-content\/uploads\/2026\/03\/image-125-696x464.png 696w, https:\/\/www.todoeldia.com\/wp-content\/uploads\/2026\/03\/image-125.png 1044w\" sizes=\"auto, (max-width: 1024px) 100vw, 1024px\" \/><\/figure>\n\n\n\n<p>En tanto, la Secretar\u00eda de Obras P\u00fablicas sum\u00f3 una retroexcavadora y un rodillo vibrocompactador, maquinaria que permitir\u00e1 fortalecer los trabajos vinculados a obras y mantenimiento de la infraestructura urbana.<\/p>\n\n\n\n<p>Estas nuevas unidades permitir\u00e1n optimizar las tareas que se realizan diariamente en la ciudad y mejorar la capacidad de respuesta del municipio ante las demandas de los vecinos.<\/p>\n","protected":false},"excerpt":{"rendered":"<p>Las unidades fueron destinadas a las Secretar\u00edas de Ambiente y Servicios P\u00fablicos, Tr\u00e1nsito y Seguridad Vial y Obras P\u00fablicas para optimizar las tareas operativas y mejorar los servicios que se brindan a los vecinos. El intendente, Emiliano Durand, encabez\u00f3 esta ma\u00f1ana la entrega de nuevas unidades que se incorporan al parque automotor de la Municipalidad [&hellip;]<\/p>\n","protected":false},"author":2,"featured_media":108103,"comment_status":"open","ping_status":"open","sticky":false,"template":"","format":"standard","meta":{"tdm_status":"","tdm_grid_status":"","_joinchat":[],"footnotes":""},"categories":[73],"tags":[],"class_list":{"0":"post-108102","1":"post","2":"type-post","3":"status-publish","4":"format-standard","5":"has-post-thumbnail","7":"category-noticias-general"},"amp_enabled":true,"_links":{"self":[{"href":"https:\/\/www.todoeldia.com\/index.php\/wp-json\/wp\/v2\/posts\/108102","targetHints":{"allow":["GET"]}}],"collection":[{"href":"https:\/\/www.todoeldia.com\/index.php\/wp-json\/wp\/v2\/posts"}],"about":[{"href":"https:\/\/www.todoeldia.com\/index.php\/wp-json\/wp\/v2\/types\/post"}],"author":[{"embeddable":true,"href":"https:\/\/www.todoeldia.com\/index.php\/wp-json\/wp\/v2\/users\/2"}],"replies":[{"embeddable":true,"href":"https:\/\/www.todoeldia.com\/index.php\/wp-json\/wp\/v2\/comments?post=108102"}],"version-history":[{"count":1,"href":"https:\/\/www.todoeldia.com\/index.php\/wp-json\/wp\/v2\/posts\/108102\/revisions"}],"predecessor-version":[{"id":108106,"href":"https:\/\/www.todoeldia.com\/index.php\/wp-json\/wp\/v2\/posts\/108102\/revisions\/108106"}],"wp:featuredmedia":[{"embeddable":true,"href":"https:\/\/www.todoeldia.com\/index.php\/wp-json\/wp\/v2\/media\/108103"}],"wp:attachment":[{"href":"https:\/\/www.todoeldia.com\/index.php\/wp-json\/wp\/v2\/media?parent=108102"}],"wp:term":[{"taxonomy":"category","embeddable":true,"href":"https:\/\/www.todoeldia.com\/index.php\/wp-json\/wp\/v2\/categories?post=108102"},{"taxonomy":"post_tag","embeddable":true,"href":"https:\/\/www.todoeldia.com\/index.php\/wp-json\/wp\/v2\/tags?post=108102"}],"curies":[{"name":"wp","href":"https:\/\/api.w.org\/{rel}","templated":true}]}}