{"id":108132,"date":"2026-03-14T16:17:52","date_gmt":"2026-03-14T19:17:52","guid":{"rendered":"https:\/\/www.todoeldia.com\/?p=108132"},"modified":"2026-03-14T16:17:53","modified_gmt":"2026-03-14T19:17:53","slug":"un-oficial-se-canso-del-hostigamiento-y-le-fracturo-la-mandibula-a-su-jefe-en-la-carcel-de-tartagal","status":"publish","type":"post","link":"https:\/\/www.todoeldia.com\/index.php\/2026\/03\/14\/un-oficial-se-canso-del-hostigamiento-y-le-fracturo-la-mandibula-a-su-jefe-en-la-carcel-de-tartagal\/","title":{"rendered":"Un oficial se cans\u00f3 del hostigamiento y le fractur\u00f3 la mand\u00edbula a su jefe en la C\u00e1rcel de Tartagal"},"content":{"rendered":"\n<p>Un grave episodio interno sacude al servicio penitenciario de la provincia de Salta tras un enfrentamiento ocurrido en la unidad carcelaria n\u00b05 de Tartagal, donde un alcaide termin\u00f3 con la mand\u00edbula fracturada luego de protagonizar una pelea con un oficial su adjutor que, seg\u00fan denunciaron desde el propio servicio, ven\u00eda soportando amenazas y hostigamientos desde hac\u00eda semanas.<\/p>\n\n\n\n<p>De acuerdo con la informaci\u00f3n difundida por el portal informativo <a href=\"https:\/\/l.facebook.com\/l.php?u=http%3A%2F%2FElCaudillo.com.ar%2F%3Ffbclid%3DIwZXh0bgNhZW0CMTAAYnJpZBExdGVpRkFTTzg0UXZGOEx1RXNydGMGYXBwX2lkEDIyMjAzOTE3ODgyMDA4OTIAAR7HI0qkxKbJO5fHzszF6fgv-dtB-MwA3XzlSt0PeCxDBVwAtZAVh0N89gFxVQ_aem_edyy-jEI3r9ruKLja1Kmjw&amp;h=AT6hBqp8LQOWZHC47Iwy9qpzvVds7yh8YPgzBkPEIrnVF-XKoisMpBihWjMVfFkocMj3JwKozIAq010F0Sv7KD_Qa2ALtWLCHX9l9PihQ2jlqNnwlIkHH3tSFYYrDbtme2worLIWmgQtOJXa&amp;__tn__=-UK-R&amp;c%5b0%5d=AT5HknmRaxh55ZeUg7xoMsLHzzHF-XTe6z8jizAK6in4NKFSpsqNjCI84fzqU90l54TUaorFtErH-OWjGkk2diRXiaHEU4dOr36A_TMSSIInyTzbSkmlqGQcC63vuCjkEJJtKX-rw7BLGzvY4nQVoeccnmoyANJvBt9yizbrLHtbI5nhp7eF5DUhzL_we_PLJPBtmxHmGiUDRAIb-lgPM0SyRg\" target=\"_blank\" rel=\"noreferrer noopener\"><strong>elcaudillo.com.ar<\/strong><\/a>, el conflicto comenz\u00f3 el 21 de febrero, cuando el su adjutor inform\u00f3 a sus superiores que estaba siendo v\u00edctima de burlas, amenazas y faltas de respeto por parte del alcaide. La intenci\u00f3n del oficial era evitar que la situaci\u00f3n escalara y resolver el problema dentro de la cadena de mando.<\/p>\n\n\n\n<p>Sin embargo, seg\u00fan el relato de personal penitenciario, durante los siguientes 18 d\u00edas las provocaciones continuaron sin que desde la jefatura se tomaran medidas para frenar el conflicto.<\/p>\n\n\n\n<p>El punto de quiebre ocurri\u00f3 el 10 de marzo por la ma\u00f1ana. El alcaide ingres\u00f3 a la oficina donde se encontraba el su adjutor y lo habr\u00eda amenazado antes de retirarse del lugar. \u201cCortala ya, pendejo de mierda, yo te voy a hacer pingo en toda tu carrera\u201d, habr\u00eda sido la frase que lanz\u00f3 el jefe antes de abandonar la oficina.<\/p>\n\n\n\n<p>Horas m\u00e1s tarde, cerca de las 20:40, ambos volvieron a cruzarse dentro del establecimiento. testigos aseguran que el alcaide se aproxim\u00f3 nuevamente de manera agresiva y el su adjutor decidi\u00f3 defenderse. la discusi\u00f3n termin\u00f3 en una pelea que dej\u00f3 al jefe en el suelo.<\/p>\n\n\n\n<p>Seg\u00fan la reconstrucci\u00f3n de lo ocurrido, el alcaide intent\u00f3 volver con la agresi\u00f3n, pero termin\u00f3 cayendo nuevamente durante el enfrentamiento. l El alcaide termin\u00f3 con una presunta fractura de mand\u00edbula y debi\u00f3 ser atendido posteriormente en la ciudad de Salta y anunci\u00f3 que presentara una denuncia contra el su adjutor y pedir su detenci\u00f3n.<\/p>\n\n\n\n<p>Al d\u00eda siguiente, el 11 de marzo, el oficial de menor rango se present\u00f3 a cumplir servicio, pero fue apartado de sus funciones y posteriormente firm\u00f3 su pase a disponibilidad, mientras que el alcaide no se present\u00f3 a trabajar y solicit\u00f3 carpeta m\u00e9dica.<\/p>\n\n\n\n<p>Fuente: El Caudillo<\/p>\n","protected":false},"excerpt":{"rendered":"<p>Un grave episodio interno sacude al servicio penitenciario de la provincia de Salta tras un enfrentamiento ocurrido en la unidad carcelaria n\u00b05 de Tartagal, donde un alcaide termin\u00f3 con la mand\u00edbula fracturada luego de protagonizar una pelea con un oficial su adjutor que, seg\u00fan denunciaron desde el propio servicio, ven\u00eda soportando amenazas y hostigamientos desde [&hellip;]<\/p>\n","protected":false},"author":2,"featured_media":39911,"comment_status":"open","ping_status":"open","sticky":false,"template":"","format":"standard","meta":{"tdm_status":"","tdm_grid_status":"","_joinchat":[],"footnotes":""},"categories":[73],"tags":[],"class_list":{"0":"post-108132","1":"post","2":"type-post","3":"status-publish","4":"format-standard","5":"has-post-thumbnail","7":"category-noticias-general"},"amp_enabled":true,"_links":{"self":[{"href":"https:\/\/www.todoeldia.com\/index.php\/wp-json\/wp\/v2\/posts\/108132","targetHints":{"allow":["GET"]}}],"collection":[{"href":"https:\/\/www.todoeldia.com\/index.php\/wp-json\/wp\/v2\/posts"}],"about":[{"href":"https:\/\/www.todoeldia.com\/index.php\/wp-json\/wp\/v2\/types\/post"}],"author":[{"embeddable":true,"href":"https:\/\/www.todoeldia.com\/index.php\/wp-json\/wp\/v2\/users\/2"}],"replies":[{"embeddable":true,"href":"https:\/\/www.todoeldia.com\/index.php\/wp-json\/wp\/v2\/comments?post=108132"}],"version-history":[{"count":1,"href":"https:\/\/www.todoeldia.com\/index.php\/wp-json\/wp\/v2\/posts\/108132\/revisions"}],"predecessor-version":[{"id":108133,"href":"https:\/\/www.todoeldia.com\/index.php\/wp-json\/wp\/v2\/posts\/108132\/revisions\/108133"}],"wp:featuredmedia":[{"embeddable":true,"href":"https:\/\/www.todoeldia.com\/index.php\/wp-json\/wp\/v2\/media\/39911"}],"wp:attachment":[{"href":"https:\/\/www.todoeldia.com\/index.php\/wp-json\/wp\/v2\/media?parent=108132"}],"wp:term":[{"taxonomy":"category","embeddable":true,"href":"https:\/\/www.todoeldia.com\/index.php\/wp-json\/wp\/v2\/categories?post=108132"},{"taxonomy":"post_tag","embeddable":true,"href":"https:\/\/www.todoeldia.com\/index.php\/wp-json\/wp\/v2\/tags?post=108132"}],"curies":[{"name":"wp","href":"https:\/\/api.w.org\/{rel}","templated":true}]}}