{"id":108142,"date":"2026-03-15T11:29:07","date_gmt":"2026-03-15T14:29:07","guid":{"rendered":"https:\/\/www.todoeldia.com\/?p=108142"},"modified":"2026-03-15T11:29:08","modified_gmt":"2026-03-15T14:29:08","slug":"la-tormenta-en-las-lajitas-anego-viviendas-y-calles","status":"publish","type":"post","link":"https:\/\/www.todoeldia.com\/index.php\/2026\/03\/15\/la-tormenta-en-las-lajitas-anego-viviendas-y-calles\/","title":{"rendered":"La tormenta en Las Lajitas aneg\u00f3 viviendas y calles"},"content":{"rendered":"\n<p>Las fuertes precipitaciones que se registraron durante la jornada del s\u00e1bado y se extendieron hasta la madrugada de este domingo generaron complicaciones en varios sectores de Las Lajitas, donde vecinos reportaron el ingreso de agua en sus viviendas.<\/p>\n\n\n\n<p>Familias de distintos barrios manifestaron su preocupaci\u00f3n por la acumulaci\u00f3n de agua, que en algunos casos avanz\u00f3 hacia el interior de las casas. Seg\u00fan relataron, el volumen se incrementa por el escurrimiento que llega desde campos privados ubicados en zonas cercanas a la ciudad.<\/p>\n\n\n\n<p>Adem\u00e1s, Pir\u00e1mide Noticias inform\u00f3 que &#8220;la gran cantidad de agua tambi\u00e9n provoc\u00f3 inundaciones en el hospital local, lo que complic\u00f3 moment\u00e1neamente el funcionamiento del establecimiento de salud&#8221;.<\/p>\n\n\n\n<p>La situaci\u00f3n genera malestar entre los vecinos, quienes advierten que cada vez que se registran lluvias intensas el problema se repite y afecta a numerosas familias.<\/p>\n\n\n\n<p>Hasta el momento contin\u00faan report\u00e1ndose sectores con calles anegadas, mientras se espera informaci\u00f3n oficial sobre el alcance de los da\u00f1os y las posibles asistencias a los damnificados.<\/p>\n","protected":false},"excerpt":{"rendered":"<p>Las fuertes precipitaciones que se registraron durante la jornada del s\u00e1bado y se extendieron hasta la madrugada de este domingo generaron complicaciones en varios sectores de Las Lajitas, donde vecinos reportaron el ingreso de agua en sus viviendas. Familias de distintos barrios manifestaron su preocupaci\u00f3n por la acumulaci\u00f3n de agua, que en algunos casos avanz\u00f3 [&hellip;]<\/p>\n","protected":false},"author":2,"featured_media":108143,"comment_status":"open","ping_status":"open","sticky":false,"template":"","format":"standard","meta":{"tdm_status":"","tdm_grid_status":"","_joinchat":[],"footnotes":""},"categories":[73],"tags":[],"class_list":{"0":"post-108142","1":"post","2":"type-post","3":"status-publish","4":"format-standard","5":"has-post-thumbnail","7":"category-noticias-general"},"amp_enabled":true,"_links":{"self":[{"href":"https:\/\/www.todoeldia.com\/index.php\/wp-json\/wp\/v2\/posts\/108142","targetHints":{"allow":["GET"]}}],"collection":[{"href":"https:\/\/www.todoeldia.com\/index.php\/wp-json\/wp\/v2\/posts"}],"about":[{"href":"https:\/\/www.todoeldia.com\/index.php\/wp-json\/wp\/v2\/types\/post"}],"author":[{"embeddable":true,"href":"https:\/\/www.todoeldia.com\/index.php\/wp-json\/wp\/v2\/users\/2"}],"replies":[{"embeddable":true,"href":"https:\/\/www.todoeldia.com\/index.php\/wp-json\/wp\/v2\/comments?post=108142"}],"version-history":[{"count":1,"href":"https:\/\/www.todoeldia.com\/index.php\/wp-json\/wp\/v2\/posts\/108142\/revisions"}],"predecessor-version":[{"id":108144,"href":"https:\/\/www.todoeldia.com\/index.php\/wp-json\/wp\/v2\/posts\/108142\/revisions\/108144"}],"wp:featuredmedia":[{"embeddable":true,"href":"https:\/\/www.todoeldia.com\/index.php\/wp-json\/wp\/v2\/media\/108143"}],"wp:attachment":[{"href":"https:\/\/www.todoeldia.com\/index.php\/wp-json\/wp\/v2\/media?parent=108142"}],"wp:term":[{"taxonomy":"category","embeddable":true,"href":"https:\/\/www.todoeldia.com\/index.php\/wp-json\/wp\/v2\/categories?post=108142"},{"taxonomy":"post_tag","embeddable":true,"href":"https:\/\/www.todoeldia.com\/index.php\/wp-json\/wp\/v2\/tags?post=108142"}],"curies":[{"name":"wp","href":"https:\/\/api.w.org\/{rel}","templated":true}]}}