{"id":108214,"date":"2026-03-17T12:39:34","date_gmt":"2026-03-17T15:39:34","guid":{"rendered":"https:\/\/www.todoeldia.com\/?p=108214"},"modified":"2026-03-17T12:39:35","modified_gmt":"2026-03-17T15:39:35","slug":"el-lunes-23-de-marzo-es-feriado-todo-lo-que-tenes-que-saber-sobre-el-proximo-fin-de-semana-largo","status":"publish","type":"post","link":"https:\/\/www.todoeldia.com\/index.php\/2026\/03\/17\/el-lunes-23-de-marzo-es-feriado-todo-lo-que-tenes-que-saber-sobre-el-proximo-fin-de-semana-largo\/","title":{"rendered":"\u00bfEl lunes 23 de marzo es feriado? Todo lo que ten\u00e9s que saber sobre el pr\u00f3ximo fin de semana largo"},"content":{"rendered":"\n<p>En el calendario oficial se destacan fechas que suelen generar dudas tanto en empleados como en empleadores<\/p>\n\n\n\n<p>La pr\u00f3xima semana traer\u00e1 consigo uno de los tantos fines de semana largo que ofrece el 2026. En el calendario oficial se destacan dos fechas consecutivas que suelen generar dudas y expectativas tanto entre empleados como entre empleadores, especialmente para quienes planean una escapada o deben organizar sus tareas laborales.<\/p>\n\n\n\n<p>El martes 24 de marzo se conmemora el D\u00eda Nacional de la Memoria por la Verdad y la Justicia, una fecha establecida como feriado inamovible en todo el pa\u00eds. Esta jornada recuerda a las v\u00edctimas de la \u00faltima dictadura militar y es parte del calendario de feriados nacionales, lo que implica un cese general de actividades en escuelas, bancos y organismos p\u00fablicos.<\/p>\n\n\n\n<p>No obstante, el d\u00eda anterior, lunes 23 de marzo, fue declarado d\u00eda no laborable con fines tur\u00edsticos por el Gobierno. Esta decisi\u00f3n responde a la intenci\u00f3n de crear un fin de semana largo, ya que la fecha se ubica entre el fin de semana habitual y el d\u00eda inh\u00e1bil el martes. La duda persiste en si la primera jornada de la semana se trabajar\u00e1 o no.<\/p>\n\n\n\n<figure class=\"wp-block-image size-full is-resized\"><img loading=\"lazy\" decoding=\"async\" width=\"992\" height=\"554\" src=\"https:\/\/www.todoeldia.com\/wp-content\/uploads\/2026\/03\/image-139.png\" alt=\"\" class=\"wp-image-108216\" style=\"width:1066px;height:auto\" srcset=\"https:\/\/www.todoeldia.com\/wp-content\/uploads\/2026\/03\/image-139.png 992w, https:\/\/www.todoeldia.com\/wp-content\/uploads\/2026\/03\/image-139-300x168.png 300w, https:\/\/www.todoeldia.com\/wp-content\/uploads\/2026\/03\/image-139-768x429.png 768w, https:\/\/www.todoeldia.com\/wp-content\/uploads\/2026\/03\/image-139-752x420.png 752w, https:\/\/www.todoeldia.com\/wp-content\/uploads\/2026\/03\/image-139-696x389.png 696w\" sizes=\"auto, (max-width: 992px) 100vw, 992px\" \/><\/figure>\n\n\n\n<p><strong>El lunes 23 de marzo de 2026 es un d\u00eda no laborable con fines tur\u00edsticos, seg\u00fan el calendario oficial de feriados en Argentina<\/strong><\/p>\n\n\n\n<p>Qui\u00e9nes tienen feriado el pr\u00f3ximo 23 de marzo<\/p>\n\n\n\n<p>A diferencia de los feriados nacionales, donde el descanso es obligatorio para todos los trabajadores, en los d\u00edas no laborables la actividad queda a criterio de cada empleador, comercio o instituci\u00f3n.<\/p>\n\n\n\n<p>Dentro de la administraci\u00f3n p\u00fablica, las oficinas de los organismos estatales de todo el pa\u00eds permanecer\u00e1n cerradas durante esa jornada. Esto significa que quienes se desempe\u00f1an en estas dependencias tendr\u00e1n el d\u00eda libre, sin excepci\u00f3n. Asimismo, las instituciones educativas no abrir\u00e1n sus puertas, por lo que estudiantes y docentes no tendr\u00e1n clases ese lunes.<\/p>\n\n\n\n<p>En el \u00e1mbito bancario, las sucursales de los bancos no atender\u00e1n al p\u00fablico, por lo que no ser\u00e1 posible realizar tr\u00e1mites en ventanilla ni operaciones comerciales presenciales. Sin embargo, los servicios digitales como home banking, cajeros autom\u00e1ticos y pagos con tarjeta estar\u00e1n disponibles de manera habitual. El funcionamiento de colectivos ser\u00e1 con frecuencia reducida, adapt\u00e1ndose al menor movimiento de personas.<\/p>\n\n\n\n<p>Para los trabajadores del sector privado, la decisi\u00f3n de otorgar el d\u00eda libre queda en manos del empleador. El lunes 23 de marzo, al ser d\u00eda no laborable, implica que muchos empleados p\u00fablicos y bancarios no trabajar\u00e1n, mientras que en el sector privado la decisi\u00f3n depende de la empresa. Solo la administraci\u00f3n p\u00fablica, las escuelas y los bancos tienen garantizado el descanso.<\/p>\n","protected":false},"excerpt":{"rendered":"<p>En el calendario oficial se destacan fechas que suelen generar dudas tanto en empleados como en empleadores La pr\u00f3xima semana traer\u00e1 consigo uno de los tantos fines de semana largo que ofrece el 2026. En el calendario oficial se destacan dos fechas consecutivas que suelen generar dudas y expectativas tanto entre empleados como entre empleadores, [&hellip;]<\/p>\n","protected":false},"author":2,"featured_media":108215,"comment_status":"open","ping_status":"open","sticky":false,"template":"","format":"standard","meta":{"tdm_status":"","tdm_grid_status":"","_joinchat":[],"footnotes":""},"categories":[73],"tags":[],"class_list":{"0":"post-108214","1":"post","2":"type-post","3":"status-publish","4":"format-standard","5":"has-post-thumbnail","7":"category-noticias-general"},"amp_enabled":true,"_links":{"self":[{"href":"https:\/\/www.todoeldia.com\/index.php\/wp-json\/wp\/v2\/posts\/108214","targetHints":{"allow":["GET"]}}],"collection":[{"href":"https:\/\/www.todoeldia.com\/index.php\/wp-json\/wp\/v2\/posts"}],"about":[{"href":"https:\/\/www.todoeldia.com\/index.php\/wp-json\/wp\/v2\/types\/post"}],"author":[{"embeddable":true,"href":"https:\/\/www.todoeldia.com\/index.php\/wp-json\/wp\/v2\/users\/2"}],"replies":[{"embeddable":true,"href":"https:\/\/www.todoeldia.com\/index.php\/wp-json\/wp\/v2\/comments?post=108214"}],"version-history":[{"count":1,"href":"https:\/\/www.todoeldia.com\/index.php\/wp-json\/wp\/v2\/posts\/108214\/revisions"}],"predecessor-version":[{"id":108217,"href":"https:\/\/www.todoeldia.com\/index.php\/wp-json\/wp\/v2\/posts\/108214\/revisions\/108217"}],"wp:featuredmedia":[{"embeddable":true,"href":"https:\/\/www.todoeldia.com\/index.php\/wp-json\/wp\/v2\/media\/108215"}],"wp:attachment":[{"href":"https:\/\/www.todoeldia.com\/index.php\/wp-json\/wp\/v2\/media?parent=108214"}],"wp:term":[{"taxonomy":"category","embeddable":true,"href":"https:\/\/www.todoeldia.com\/index.php\/wp-json\/wp\/v2\/categories?post=108214"},{"taxonomy":"post_tag","embeddable":true,"href":"https:\/\/www.todoeldia.com\/index.php\/wp-json\/wp\/v2\/tags?post=108214"}],"curies":[{"name":"wp","href":"https:\/\/api.w.org\/{rel}","templated":true}]}}